{"id":15483,"date":"2022-01-14T12:42:48","date_gmt":"2022-01-14T11:42:48","guid":{"rendered":"https:\/\/ermitaberriip.educacion.navarra.es\/web\/?p=15483"},"modified":"2022-01-14T12:50:36","modified_gmt":"2022-01-14T11:50:36","slug":"jornada-de-puertas-abiertas-2022","status":"publish","type":"post","link":"https:\/\/ermitaberriip.educacion.navarra.es\/web\/es\/blog\/jornada-de-puertas-abiertas-2022\/","title":{"rendered":"Jornada de Puertas Abiertas 2022"},"content":{"rendered":"\n<figure class=\"wp-block-image size-large\"><img fetchpriority=\"high\" decoding=\"async\" width=\"1024\" height=\"769\" src=\"https:\/\/ermitaberriip.educacion.navarra.es\/web\/wp-content\/uploads\/2022\/01\/Ermitaberri-Ikastetxe-Publikoa-1024x769.jpg\" alt=\"\" class=\"wp-image-15488\" srcset=\"https:\/\/ermitaberriip.educacion.navarra.es\/web\/wp-content\/uploads\/2022\/01\/Ermitaberri-Ikastetxe-Publikoa-1024x769.jpg 1024w, https:\/\/ermitaberriip.educacion.navarra.es\/web\/wp-content\/uploads\/2022\/01\/Ermitaberri-Ikastetxe-Publikoa-300x225.jpg 300w, https:\/\/ermitaberriip.educacion.navarra.es\/web\/wp-content\/uploads\/2022\/01\/Ermitaberri-Ikastetxe-Publikoa-768x577.jpg 768w, https:\/\/ermitaberriip.educacion.navarra.es\/web\/wp-content\/uploads\/2022\/01\/Ermitaberri-Ikastetxe-Publikoa.jpg 1280w\" sizes=\"(max-width: 1024px) 100vw, 1024px\" \/><\/figure>\n\n\n\n<p>Si quieres conocer el proyecto educativo de Ermitaberri y resolver cualquier duda acerca de la escolarizaci\u00f3n de tu hijo\/a, adem\u00e1s de conocer nuestras instalaciones, te invitamos a la mesa redonda que realizaremos el 20 de enero de 2022, a las 16:30 horas en el aula de Servicios M\u00faltiples. La reuni\u00f3n tendr\u00e1 una duraci\u00f3n aproximada de una hora.<\/p>\n\n\n\n<p>A causa del Covid-19, este a\u00f1o no podremos ofrecer un servicio de guarder\u00eda durante la reuni\u00f3n.<\/p>\n\n\n\n<p>Recuerda que tambi\u00e9n podr\u00e1s realizar una visita individualizada. Para coger cita, puedes llamar al <strong>948 136 668&nbsp;<\/strong>o <a href=\"https:\/\/ermitaberriip.educacion.navarra.es\/web\/es\/contacto\/\" target=\"_blank\" aria-label=\"contactar con nosotros\/as (opens in a new tab)\" rel=\"noreferrer noopener\" class=\"ek-link\">contactar con nosotros\/as<\/a> y enviar un correo.<\/p>\n\n\n\n<p>El programa para este d\u00eda ser\u00e1 el siguiente:<\/p>\n\n\n\n<p><strong>16:30 &nbsp; Tour por el colegio para conocer las instalaciones<\/strong><\/p>\n\n\n\n<p><strong>16:45 &nbsp; Saludo y bienvenida \/ Presentaci\u00f3n<\/strong><\/p>\n\n\n\n<p><strong>16:55 &nbsp; Charla<\/strong><\/p>\n\n\n\n<ul><li>Presentaci\u00f3n de nuestro programa educativo<\/li><li>Proceso de admisi\u00f3n<\/li><\/ul>\n\n\n\n<ul class=\"is-style-none\"><li><em>Participantes<\/em>: Tutoras de Educaci\u00f3n Infantil, Profesora de Ingl\u00e9s, Directora de Askatasuna, Responsable del Comedor, Administrativo y Director.<\/li><\/ul>\n","protected":false},"excerpt":{"rendered":"<p>Si quieres conocer el proyecto educativo de Ermitaberri y resolver cualquier duda acerca de la escolarizaci\u00f3n de tu hijo\/a, adem\u00e1s de conocer nuestras instalaciones, te invitamos a la mesa redonda que realizaremos el 20 de enero de 2022, a las 16:30 horas en el aula de Servicios M\u00faltiples. La reuni\u00f3n tendr\u00e1 una duraci\u00f3n aproximada de una hora.<\/p>\n","protected":false},"author":1,"featured_media":15488,"comment_status":"open","ping_status":"open","sticky":false,"template":"","format":"standard","meta":{"_editorskit_title_hidden":false,"_editorskit_reading_time":1,"_editorskit_is_block_options_detached":false,"_editorskit_block_options_position":"{}","_genesis_hide_title":false,"_genesis_hide_breadcrumbs":false,"_genesis_hide_singular_image":false,"_genesis_hide_footer_widgets":false,"_genesis_custom_body_class":"","_genesis_custom_post_class":"","_genesis_layout":"","footnotes":""},"categories":[18,1],"tags":[40],"_links":{"self":[{"href":"https:\/\/ermitaberriip.educacion.navarra.es\/web\/es\/wp-json\/wp\/v2\/posts\/15483"}],"collection":[{"href":"https:\/\/ermitaberriip.educacion.navarra.es\/web\/es\/wp-json\/wp\/v2\/posts"}],"about":[{"href":"https:\/\/ermitaberriip.educacion.navarra.es\/web\/es\/wp-json\/wp\/v2\/types\/post"}],"author":[{"embeddable":true,"href":"https:\/\/ermitaberriip.educacion.navarra.es\/web\/es\/wp-json\/wp\/v2\/users\/1"}],"replies":[{"embeddable":true,"href":"https:\/\/ermitaberriip.educacion.navarra.es\/web\/es\/wp-json\/wp\/v2\/comments?post=15483"}],"version-history":[{"count":10,"href":"https:\/\/ermitaberriip.educacion.navarra.es\/web\/es\/wp-json\/wp\/v2\/posts\/15483\/revisions"}],"predecessor-version":[{"id":15500,"href":"https:\/\/ermitaberriip.educacion.navarra.es\/web\/es\/wp-json\/wp\/v2\/posts\/15483\/revisions\/15500"}],"wp:featuredmedia":[{"embeddable":true,"href":"https:\/\/ermitaberriip.educacion.navarra.es\/web\/es\/wp-json\/wp\/v2\/media\/15488"}],"wp:attachment":[{"href":"https:\/\/ermitaberriip.educacion.navarra.es\/web\/es\/wp-json\/wp\/v2\/media?parent=15483"}],"wp:term":[{"taxonomy":"category","embeddable":true,"href":"https:\/\/ermitaberriip.educacion.navarra.es\/web\/es\/wp-json\/wp\/v2\/categories?post=15483"},{"taxonomy":"post_tag","embeddable":true,"href":"https:\/\/ermitaberriip.educacion.navarra.es\/web\/es\/wp-json\/wp\/v2\/tags?post=15483"}],"curies":[{"name":"wp","href":"https:\/\/api.w.org\/{rel}","templated":true}]}}