{"id":17725,"date":"2023-10-26T13:41:13","date_gmt":"2023-10-26T11:41:13","guid":{"rendered":"https:\/\/ermitaberriip.educacion.navarra.es\/web\/?p=17725"},"modified":"2024-06-11T11:44:23","modified_gmt":"2024-06-11T09:44:23","slug":"listado-actividades-complementarias-2023-2024","status":"publish","type":"post","link":"https:\/\/ermitaberriip.educacion.navarra.es\/web\/es\/blog\/listado-actividades-complementarias-2023-2024\/","title":{"rendered":"Listado actividades complementarias 2023\/2024"},"content":{"rendered":"\n<div>\n<div>\n<div>\n<div>\n<div>\n<div>\n<div><span style=\"color: #808080;\"><strong>Actualizado a 11\/06\/2024<br \/><\/strong><\/span><\/div>\n<div>\u00a0<\/div>\n<div>Presentamos en el siguiente listado todas las actividades complementarias a realizar durante el curso 2023\/2024. Cualquier modificaci\u00f3n en cuanto a fechas, nuevas actividades, etc. la publicaremos en esta misma p\u00e1gina.<\/div>\n<div>\u00a0<\/div>\n<div>Qu\u00e9 son las actividades complementarias? Haz clic <a href=\"https:\/\/ermitaberriip.educacion.navarra.es\/web\/es\/actividades-complementarias\/\" target=\"_blank\" rel=\"noopener\">aqu\u00ed<\/a>.<\/div>\n<div>\n<h3>\u00a0<\/h3>\n<h3><strong>1\u00ba Educaci\u00f3n Infantil <\/strong><\/h3>\n<table style=\"height: 390px; width: 100%; border-collapse: collapse; border-style: solid;\" border=\"1\">\n<tbody>\n<tr style=\"height: 23px;\">\n<td style=\"width: 40.3449%; background-color: #ff7300; height: 65px; text-align: center;\"><span style=\"color: #000000;\"><strong>ACTIVIDAD<\/strong><\/span><\/td>\n<td style=\"width: 15.6895%; background-color: #ff7300; text-align: center; height: 65px;\"><span style=\"color: #000000;\"><strong>LUGAR<\/strong><\/span><\/td>\n<td style=\"width: 17.5862%; background-color: #ff7300; text-align: center; height: 65px;\"><span style=\"color: #000000;\"><strong>FECHA<\/strong><\/span><\/td>\n<td style=\"width: 13.7932%; background-color: #ff7300; text-align: center; height: 65px;\"><span style=\"color: #000000;\"><strong>HORA Salida\/Inicio <\/strong><\/span><\/td>\n<td style=\"width: 12.5862%; background-color: #ff7300; text-align: center; height: 65px;\"><span style=\"color: #000000;\"><strong>HORA Regreso\/Fin <\/strong><\/span><\/td>\n<\/tr>\n<tr>\n<td style=\"width: 40.3449%; background-color: #faf6f0;\"><a href=\"https:\/\/kilikilipark.wixsite.com\/kili-kili\/about-3\" target=\"_blank\" rel=\"noopener\"><strong>Kili-Kili: trabajar la psicomotricidad<\/strong><\/a><\/td>\n<td style=\"width: 15.6895%; background-color: #faf6f0; text-align: center;\">Pamplona<\/td>\n<td style=\"width: 17.5862%; background-color: #faf6f0; text-align: center;\">02\/02\/2024<\/td>\n<td style=\"width: 13.7932%; background-color: #faf6f0; text-align: center;\">9:30<\/td>\n<td style=\"width: 12.5862%; background-color: #faf6f0; text-align: center;\">12:30<\/td>\n<\/tr>\n<tr style=\"height: 23px;\">\n<td style=\"width: 40.3449%; background-color: #faf6f0; height: 65px;\"><strong><a href=\"https:\/\/www.granjanaturaliaesquiroz.org\/\" target=\"_blank\" rel=\"noopener\">Ver los animales<\/a><\/strong><\/td>\n<td style=\"width: 15.6895%; background-color: #faf6f0; text-align: center; height: 65px;\">Esqu\u00edroz<\/td>\n<td style=\"width: 17.5862%; background-color: #faf6f0; text-align: center; height: 65px;\">03\/05\/2024<\/td>\n<td style=\"width: 13.7932%; background-color: #faf6f0; height: 65px; text-align: center;\">9:30<\/td>\n<td style=\"width: 12.5862%; background-color: #faf6f0; text-align: center; height: 65px;\">13:00<\/td>\n<\/tr>\n<tr style=\"height: 23px;\">\n<td style=\"width: 40.3449%; background-color: #faf6f0; height: 65px;\"><a href=\"https:\/\/www.noain.es\/es\/el-valle\/parque-de-los-sentidos\/\" target=\"_blank\" rel=\"noopener\"><strong>Parque de los Sentidos<\/strong><\/a><\/td>\n<td style=\"width: 15.6895%; text-align: center; background-color: #faf6f0; height: 65px;\">No\u00e1in<\/td>\n<td style=\"width: 17.5862%; text-align: center; background-color: #faf6f0; height: 65px;\">07\/06\/2024<\/td>\n<td style=\"width: 13.7932%; background-color: #faf6f0; height: 65px; text-align: center;\">9:15<\/td>\n<td style=\"width: 12.5862%; text-align: center; background-color: #faf6f0; height: 65px;\">12:45<\/td>\n<\/tr>\n<tr style=\"height: 23px;\">\n<td style=\"width: 40.3449%; background-color: #faf6f0; height: 65px;\">\u00a0<\/td>\n<td style=\"width: 15.6895%; text-align: center; background-color: #faf6f0; height: 65px;\">\u00a0<\/td>\n<td style=\"width: 17.5862%; text-align: center; background-color: #faf6f0; height: 65px;\">\u00a0<\/td>\n<td style=\"width: 13.7932%; text-align: center; background-color: #faf6f0; height: 65px;\">\u00a0<\/td>\n<td style=\"width: 12.5862%; text-align: center; background-color: #faf6f0; height: 65px;\">\u00a0<\/td>\n<\/tr>\n<tr style=\"height: 23px;\">\n<td style=\"width: 40.3449%; background-color: #faf6f0; height: 65px;\">\u00a0<\/td>\n<td style=\"width: 15.6895%; text-align: center; background-color: #faf6f0; height: 65px;\">\u00a0<\/td>\n<td style=\"width: 17.5862%; text-align: center; background-color: #faf6f0; height: 65px;\">\u00a0<\/td>\n<td style=\"width: 13.7932%; text-align: center; background-color: #faf6f0; height: 65px;\">\u00a0<\/td>\n<td style=\"width: 12.5862%; text-align: center; background-color: #faf6f0; height: 65px;\">\u00a0<\/td>\n<\/tr>\n<\/tbody>\n<\/table>\n<h3>\u00a0<\/h3>\n<h3><strong>2\u00ba Educaci\u00f3n Infantil<\/strong><\/h3>\n<table style=\"height: 390px; width: 100%; border-collapse: collapse; border-style: solid;\" border=\"1\">\n<tbody>\n<tr style=\"height: 23px;\">\n<td style=\"width: 40.3449%; background-color: #ff7300; height: 65px; text-align: center;\"><span style=\"color: #000000;\"><strong>ACTIVIDAD<\/strong><\/span><\/td>\n<td style=\"width: 15.6895%; background-color: #ff7300; text-align: center; height: 65px;\"><span style=\"color: #000000;\"><strong>LUGAR<\/strong><\/span><\/td>\n<td style=\"width: 17.5862%; background-color: #ff7300; text-align: center; height: 65px;\"><span style=\"color: #000000;\"><strong>FECHA<\/strong><\/span><\/td>\n<td style=\"width: 13.7932%; background-color: #ff7300; text-align: center; height: 65px;\"><span style=\"color: #000000;\"><strong>HORA Inicio\/Salida <\/strong><\/span><\/td>\n<td style=\"width: 12.5862%; background-color: #ff7300; text-align: center; height: 65px;\"><span style=\"color: #000000;\"><strong>HORA Regreso\/Fin <\/strong><\/span><\/td>\n<\/tr>\n<tr>\n<td style=\"width: 40.3449%; background-color: #faf6f0;\">Planetario: \u00ab<a href=\"https:\/\/www.pamplonetario.org\/es\/publico-infantil\/el-mundo-de-fugaz\" target=\"_blank\" rel=\"noopener\"><strong>El Mundo de Fugaz<\/strong><\/a>\u00ab<\/td>\n<td style=\"width: 15.6895%; background-color: #faf6f0; text-align: center;\">Pamplona<\/td>\n<td style=\"width: 17.5862%; background-color: #faf6f0; text-align: center;\">25\/10\/2023<\/td>\n<td style=\"width: 13.7932%; background-color: #faf6f0; text-align: center;\">9:30<\/td>\n<td style=\"width: 12.5862%; background-color: #faf6f0; text-align: center;\">12:30<\/td>\n<\/tr>\n<tr>\n<td style=\"width: 40.3449%; background-color: #faf6f0;\" width=\"366\"><strong><a href=\"https:\/\/kilikilipark.wixsite.com\/kili-kili\/about-3\" target=\"_blank\" rel=\"noopener\">Kili-Kili: trabajar la psicomotricidad<\/a><\/strong><\/td>\n<td style=\"width: 15.6895%; background-color: #faf6f0; height: 65px; text-align: center;\">Pamplona<\/td>\n<td style=\"width: 17.5862%; background-color: #faf6f0; text-align: center; height: 65px;\">02\/02\/2024<\/td>\n<td style=\"width: 13.7932%; background-color: #faf6f0; height: 65px; text-align: center;\">9:30<\/td>\n<td style=\"width: 12.5862%; background-color: #faf6f0; text-align: center; height: 65px;\">12:30<\/td>\n<\/tr>\n<tr>\n<td style=\"width: 40.3449%; background-color: #faf6f0;\" width=\"366\">Visita a una vaquer\u00eda &#8211; <strong><a href=\"https:\/\/www.lacturale.com\/eu\/visitas\/\" target=\"_blank\" rel=\"noopener\">Lacturale<\/a><\/strong><\/td>\n<td style=\"width: 15.6895%; text-align: center; background-color: #faf6f0; height: 65px;\">Etxeberri<\/td>\n<td style=\"width: 17.5862%; text-align: center; background-color: #faf6f0; height: 65px;\">16\/05\/2024<\/td>\n<td style=\"width: 13.7932%; background-color: #faf6f0; height: 65px; text-align: center;\">9:15<\/td>\n<td style=\"width: 12.5862%; text-align: center; background-color: #faf6f0; height: 65px;\">13:15<\/td>\n<\/tr>\n<tr style=\"height: 23px;\">\n<td style=\"width: 40.3449%; background-color: #faf6f0; height: 65px;\"><a href=\"https:\/\/www.noain.es\/es\/el-valle\/parque-de-los-sentidos\/\" target=\"_blank\" rel=\"noopener\"><strong>Parque de los Sentidos<\/strong><\/a><\/td>\n<td style=\"width: 15.6895%; text-align: center; background-color: #faf6f0; height: 65px;\">No\u00e1in<\/td>\n<td style=\"width: 17.5862%; text-align: center; background-color: #faf6f0; height: 65px;\">07\/06\/2024<\/td>\n<td style=\"width: 13.7932%; text-align: center; background-color: #faf6f0; height: 65px;\">9:15<\/td>\n<td style=\"width: 12.5862%; text-align: center; background-color: #faf6f0; height: 65px;\">12:45<\/td>\n<\/tr>\n<tr style=\"height: 23px;\">\n<td style=\"width: 40.3449%; background-color: #faf6f0; height: 65px;\">\u00a0<\/td>\n<td style=\"width: 15.6895%; text-align: center; background-color: #faf6f0; height: 65px;\">\u00a0<\/td>\n<td style=\"width: 17.5862%; text-align: center; background-color: #faf6f0; height: 65px;\">\u00a0<\/td>\n<td style=\"width: 13.7932%; text-align: center; background-color: #faf6f0; height: 65px;\">\u00a0<\/td>\n<td style=\"width: 12.5862%; text-align: center; background-color: #faf6f0; height: 65px;\">\u00a0<\/td>\n<\/tr>\n<\/tbody>\n<\/table>\n<h3>\u00a0<\/h3>\n<h3><strong>3\u00ba Educaci\u00f3n Infantil<\/strong><\/h3>\n<table style=\"height: 390px; width: 100%; border-collapse: collapse; border-style: solid;\" border=\"1\">\n<tbody>\n<tr style=\"height: 23px;\">\n<td style=\"width: 40.3449%; background-color: #ff7300; height: 65px; text-align: center;\"><span style=\"color: #000000;\"><strong>ACTIVIDAD<\/strong><\/span><\/td>\n<td style=\"width: 15.6895%; background-color: #ff7300; text-align: center; height: 65px;\"><span style=\"color: #000000;\"><strong>LUGAR<\/strong><\/span><\/td>\n<td style=\"width: 17.5862%; background-color: #ff7300; text-align: center; height: 65px;\"><span style=\"color: #000000;\"><strong>FECHA<\/strong><\/span><\/td>\n<td style=\"width: 13.7932%; background-color: #ff7300; text-align: center; height: 65px;\"><span style=\"color: #000000;\"><strong>HORA Inicio\/Salida<\/strong><\/span><\/td>\n<td style=\"width: 12.5862%; background-color: #ff7300; text-align: center; height: 65px;\"><span style=\"color: #000000;\"><strong>HORA Regreso\/Fin<\/strong><\/span><\/td>\n<\/tr>\n<tr style=\"height: 23px;\">\n<td style=\"width: 40.3449%; background-color: #faf6f0; height: 65px;\"><a href=\"https:\/\/museodenavarra.navarra.es\/es\/web\/museo-de-navarra\/educacion\" target=\"_blank\" rel=\"noopener\"><strong>Museo de Navarra<\/strong><\/a><\/td>\n<td style=\"width: 15.6895%; background-color: #faf6f0; text-align: center; height: 65px;\">Pamplona<\/td>\n<td style=\"width: 17.5862%; background-color: #faf6f0; text-align: center; height: 65px;\">17\/11\/2023<\/td>\n<td style=\"width: 13.7932%; background-color: #faf6f0; height: 65px; text-align: center;\">9:15<\/td>\n<td style=\"width: 12.5862%; background-color: #faf6f0; text-align: center; height: 65px;\">12:00<\/td>\n<\/tr>\n<tr style=\"height: 23px;\">\n<td style=\"width: 40.3449%; background-color: #faf6f0; height: 65px;\"><a href=\"https:\/\/www.mancoeduca.com\/actividades\/2016\/mendillorri-cambia-de-estacion\" target=\"_blank\" rel=\"noopener\"><strong>Mendillorri cambia de estaci\u00f3n<\/strong><\/a><\/td>\n<td style=\"width: 15.6895%; text-align: center; background-color: #faf6f0; height: 65px;\">Mendillorri<\/td>\n<td style=\"width: 17.5862%; text-align: center; background-color: #faf6f0; height: 65px;\">10\/04\/2024<\/td>\n<td style=\"width: 13.7932%; background-color: #faf6f0; height: 65px; text-align: center;\">10:30<\/td>\n<td style=\"width: 12.5862%; text-align: center; background-color: #faf6f0; height: 65px;\">13:30<\/td>\n<\/tr>\n<tr style=\"height: 23px;\">\n<td style=\"width: 40.3449%; background-color: #faf6f0; height: 65px;\">Campamento<\/td>\n<td style=\"width: 15.6895%; text-align: center; background-color: #faf6f0; height: 65px;\">Astiz<\/td>\n<td style=\"width: 17.5862%; text-align: center; background-color: #faf6f0; height: 65px;\">25 y 26\/04\/2024<\/td>\n<td style=\"width: 13.7932%; text-align: center; background-color: #faf6f0; height: 65px;\">9:30<\/td>\n<td style=\"width: 12.5862%; text-align: center; background-color: #faf6f0; height: 65px;\">16:00<\/td>\n<\/tr>\n<tr style=\"height: 23px;\">\n<td style=\"width: 40.3449%; background-color: #faf6f0; height: 65px;\"><a href=\"https:\/\/www.noain.es\/es\/el-valle\/parque-de-los-sentidos\/\" target=\"_blank\" rel=\"noopener\"><strong>Parque de los Sentidos<\/strong><\/a><\/td>\n<td style=\"width: 15.6895%; text-align: center; background-color: #faf6f0; height: 65px;\">No\u00e1in<\/td>\n<td style=\"width: 17.5862%; text-align: center; background-color: #faf6f0; height: 65px;\">07\/06\/2024<\/td>\n<td style=\"width: 13.7932%; text-align: center; background-color: #faf6f0; height: 65px;\">9:15<\/td>\n<td style=\"width: 12.5862%; text-align: center; background-color: #faf6f0; height: 65px;\">12:45<\/td>\n<\/tr>\n<tr>\n<td style=\"width: 40.3449%; background-color: #faf6f0;\">\u00a0<\/td>\n<td style=\"width: 15.6895%; text-align: center; background-color: #faf6f0;\">\u00a0<\/td>\n<td style=\"width: 17.5862%; text-align: center; background-color: #faf6f0;\">\u00a0<\/td>\n<td style=\"width: 13.7932%; text-align: center; background-color: #faf6f0;\">\u00a0<\/td>\n<td style=\"width: 12.5862%; text-align: center; background-color: #faf6f0;\">\u00a0<\/td>\n<\/tr>\n<\/tbody>\n<\/table>\n<h3>\u00a0<\/h3>\n<h3><strong>1\u00ba Primaria <\/strong><\/h3>\n<table style=\"height: 500px; width: 100%; border-collapse: collapse; border-style: solid;\" border=\"1\">\n<tbody>\n<tr style=\"height: 23px;\">\n<td style=\"width: 40.3449%; background-color: #ff7300; height: 65px; text-align: center;\"><span style=\"color: #000000;\"><strong>ACTIVIDAD<\/strong><\/span><\/td>\n<td style=\"width: 15.6895%; background-color: #ff7300; text-align: center; height: 65px;\"><span style=\"color: #000000;\"><strong>LUGAR<\/strong><\/span><\/td>\n<td style=\"width: 17.5862%; background-color: #ff7300; text-align: center; height: 65px;\"><span style=\"color: #000000;\"><strong>FECHA<\/strong><\/span><\/td>\n<td style=\"width: 13.7932%; background-color: #ff7300; text-align: center; height: 65px;\"><span style=\"color: #000000;\"><strong>HORA Inicio\/Salida<\/strong><\/span><\/td>\n<td style=\"width: 12.5862%; background-color: #ff7300; text-align: center; height: 65px;\"><span style=\"color: #000000;\"><strong>HORA Regreso\/Fin<\/strong><\/span><\/td>\n<\/tr>\n<tr style=\"height: 23px;\">\n<td style=\"width: 40.3449%; background-color: #faf6f0; height: 65px;\"><strong><a href=\"https:\/\/www.basabere.com\/la_granja.html\" target=\"_blank\" rel=\"noopener\">Basabere<\/a><\/strong><\/td>\n<td style=\"width: 15.6895%; background-color: #faf6f0; text-align: center; height: 65px;\">Lez\u00e1un<\/td>\n<td style=\"width: 17.5862%; background-color: #faf6f0; text-align: center; height: 65px;\">29\/09\/2023<\/td>\n<td style=\"width: 13.7932%; background-color: #faf6f0; height: 65px; text-align: center;\">9:15<\/td>\n<td style=\"width: 12.5862%; background-color: #faf6f0; text-align: center; height: 65px;\">13:30<\/td>\n<\/tr>\n<tr style=\"height: 23px;\">\n<td style=\"width: 40.3449%; background-color: #faf6f0; height: 65px;\"><a href=\"https:\/\/www.salting.es\/parque-de-camas-elasticas-iruna\/\" target=\"_blank\" rel=\"noopener\"><strong>Salting Iru\u00f1a<\/strong><\/a><\/td>\n<td style=\"width: 15.6895%; text-align: center; background-color: #faf6f0; height: 65px;\">Arre<\/td>\n<td style=\"width: 17.5862%; text-align: center; background-color: #faf6f0; height: 65px;\">21\/03\/2024<\/td>\n<td style=\"width: 13.7932%; background-color: #faf6f0; height: 65px; text-align: center;\">11:10<\/td>\n<td style=\"width: 12.5862%; text-align: center; background-color: #faf6f0; height: 65px;\">13:50<\/td>\n<\/tr>\n<tr style=\"height: 23px;\">\n<td style=\"width: 40.3449%; background-color: #faf6f0; height: 65px;\"><a href=\"https:\/\/mendukilo.com\/colegios\/\" target=\"_blank\" rel=\"noopener\"><strong>Cueva Mendukilo<\/strong><\/a><\/td>\n<td style=\"width: 15.6895%; text-align: center; background-color: #faf6f0; height: 65px;\">Astitz<\/td>\n<td style=\"width: 17.5862%; text-align: center; background-color: #faf6f0; height: 65px;\">19\/04\/2024<\/td>\n<td style=\"width: 13.7932%; text-align: center; background-color: #faf6f0; height: 65px;\">9:15<\/td>\n<td style=\"width: 12.5862%; text-align: center; background-color: #faf6f0; height: 65px;\">13:30<\/td>\n<\/tr>\n<tr style=\"height: 23px;\">\n<td style=\"width: 40.3449%; background-color: #faf6f0; height: 65px;\">\u00a0<\/td>\n<td style=\"width: 15.6895%; text-align: center; background-color: #faf6f0; height: 65px;\">\u00a0<\/td>\n<td style=\"width: 17.5862%; text-align: center; background-color: #faf6f0; height: 65px;\">\u00a0<\/td>\n<td style=\"width: 13.7932%; text-align: center; background-color: #faf6f0; height: 65px;\">\u00a0<\/td>\n<td style=\"width: 12.5862%; background-color: #faf6f0; height: 65px; text-align: center;\">\u00a0<\/td>\n<\/tr>\n<tr style=\"height: 23px;\">\n<td style=\"width: 40.3449%; background-color: #faf6f0;\">\u00a0<\/td>\n<td style=\"width: 15.6895%; text-align: center; background-color: #faf6f0;\">\u00a0<\/td>\n<td style=\"width: 17.5862%; text-align: center; background-color: #faf6f0;\">\u00a0<\/td>\n<td style=\"width: 13.7932%; text-align: center; background-color: #faf6f0;\">\u00a0<\/td>\n<td style=\"width: 12.5862%; background-color: #faf6f0; height: 65px; text-align: center;\">\u00a0<\/td>\n<\/tr>\n<\/tbody>\n<\/table>\n<h3>\u00a0<\/h3>\n<h3><strong>2\u00ba Primaria<\/strong><\/h3>\n<table style=\"height: 389px; width: 100%; border-collapse: collapse; border-style: solid;\" border=\"1\">\n<tbody>\n<tr style=\"height: 23px;\">\n<td style=\"width: 40.3449%; background-color: #ff7300; height: 65px; text-align: center;\"><span style=\"color: #000000;\"><strong>ACTIVIDAD<\/strong><\/span><\/td>\n<td style=\"width: 15.6895%; background-color: #ff7300; text-align: center; height: 65px;\"><span style=\"color: #000000;\"><strong>LUGAR<\/strong><\/span><\/td>\n<td style=\"width: 17.5862%; background-color: #ff7300; text-align: center; height: 65px;\"><span style=\"color: #000000;\"><strong>FECHA<\/strong><\/span><\/td>\n<td style=\"width: 13.7932%; background-color: #ff7300; text-align: center; height: 65px;\"><span style=\"color: #000000;\"><strong>HORA Inicio\/Salida<\/strong><\/span><\/td>\n<td style=\"width: 12.5862%; background-color: #ff7300; text-align: center; height: 65px;\"><span style=\"color: #000000;\"><strong>HORA Regreso\/Fin<\/strong><\/span><\/td>\n<\/tr>\n<tr style=\"height: 64px;\">\n<td style=\"width: 40.3449%; background-color: #faf6f0; height: 64px;\"><strong><a href=\"https:\/\/www.rocopolis.com\/campana-escolar\/\" target=\"_blank\" rel=\"noopener\">Roc\u00f3dromo<\/a><\/strong><\/td>\n<td style=\"width: 15.6895%; background-color: #faf6f0; text-align: center; height: 64px;\">Roc\u00f3polis<\/td>\n<td style=\"width: 17.5862%; background-color: #faf6f0; text-align: center; height: 64px;\">24\/11\/2023<\/td>\n<td style=\"width: 13.7932%; background-color: #faf6f0; text-align: center; height: 64px;\">9:30<\/td>\n<td style=\"width: 12.5862%; background-color: #faf6f0; text-align: center; height: 64px;\">13:00<\/td>\n<\/tr>\n<tr style=\"height: 23px;\">\n<td style=\"width: 40.3449%; background-color: #faf6f0; height: 65px;\">Peru Harri<\/td>\n<td style=\"width: 15.6895%; background-color: #faf6f0; text-align: center; height: 65px;\">Leitza<\/td>\n<td style=\"width: 17.5862%; background-color: #faf6f0; text-align: center; height: 65px;\">08\/03\/2024<\/td>\n<td style=\"width: 13.7932%; background-color: #faf6f0; height: 65px; text-align: center;\">9:30<\/td>\n<td style=\"width: 12.5862%; background-color: #faf6f0; text-align: center; height: 65px;\">14:00<\/td>\n<\/tr>\n<tr style=\"height: 23px;\">\n<td style=\"width: 40.3449%; background-color: #faf6f0; height: 65px;\"><strong><a href=\"https:\/\/www.granjaescuelaguresustraiak.com\/\" target=\"_blank\" rel=\"noopener\">Campamento<\/a><\/strong><\/td>\n<td style=\"width: 15.6895%; text-align: center; background-color: #faf6f0; height: 65px;\">Ollo<\/td>\n<td style=\"width: 17.5862%; text-align: center; background-color: #faf6f0; height: 65px;\">10 y 11\/06\/2024<\/td>\n<td style=\"width: 13.7932%; background-color: #faf6f0; height: 65px; text-align: center;\">9:30<\/td>\n<td style=\"width: 12.5862%; text-align: center; background-color: #faf6f0; height: 65px;\">15:30<\/td>\n<\/tr>\n<tr style=\"height: 23px;\">\n<td style=\"width: 40.3449%; background-color: #faf6f0; height: 65px;\">\u00a0<\/td>\n<td style=\"width: 15.6895%; text-align: center; background-color: #faf6f0; height: 65px;\">\u00a0<\/td>\n<td style=\"width: 17.5862%; text-align: center; background-color: #faf6f0; height: 65px;\">\u00a0<\/td>\n<td style=\"width: 13.7932%; text-align: center; background-color: #faf6f0; height: 65px;\">\u00a0<\/td>\n<td style=\"width: 12.5862%; text-align: center; background-color: #faf6f0; height: 65px;\">\u00a0<\/td>\n<\/tr>\n<tr style=\"height: 23px;\">\n<td style=\"width: 40.3449%; background-color: #faf6f0; height: 65px;\">\u00a0<\/td>\n<td style=\"width: 15.6895%; text-align: center; background-color: #faf6f0; height: 65px;\">\u00a0<\/td>\n<td style=\"width: 17.5862%; text-align: center; background-color: #faf6f0; height: 65px;\">\u00a0<\/td>\n<td style=\"width: 13.7932%; text-align: center; background-color: #faf6f0; height: 65px;\">\u00a0<\/td>\n<td style=\"width: 12.5862%; text-align: center; background-color: #faf6f0; height: 65px;\">\u00a0<\/td>\n<\/tr>\n<\/tbody>\n<\/table>\n<h3>\u00a0<\/h3>\n<h3><strong>3\u00ba Primaria<\/strong><\/h3>\n<table style=\"height: 434px; width: 100%; border-collapse: collapse; border-style: solid;\" border=\"1\">\n<tbody>\n<tr style=\"height: 23px;\">\n<td style=\"width: 40.3449%; background-color: #ff7300; height: 65px; text-align: center;\"><span style=\"color: #000000;\"><strong>ACTIVIDAD<\/strong><\/span><\/td>\n<td style=\"width: 15.6895%; background-color: #ff7300; text-align: center; height: 65px;\"><span style=\"color: #000000;\"><strong>LUGAR<\/strong><\/span><\/td>\n<td style=\"width: 17.5862%; background-color: #ff7300; text-align: center; height: 65px;\"><span style=\"color: #000000;\"><strong>FECHA<\/strong><\/span><\/td>\n<td style=\"width: 13.7932%; background-color: #ff7300; text-align: center; height: 65px;\"><span style=\"color: #000000;\"><strong>HORA Inicio\/Salida<\/strong><\/span><\/td>\n<td style=\"width: 12.5862%; background-color: #ff7300; text-align: center; height: 65px;\"><span style=\"color: #000000;\"><strong>HORA Regreso\/Fin<\/strong><\/span><\/td>\n<\/tr>\n<tr style=\"height: 64px;\">\n<td style=\"width: 40.3449%; background-color: #faf6f0; height: 64px;\">Taller de libros<\/td>\n<td style=\"width: 15.6895%; background-color: #faf6f0; text-align: center; height: 64px;\">Pamplona<\/td>\n<td style=\"width: 17.5862%; background-color: #faf6f0; text-align: center; height: 64px;\">28\/09\/2023<\/td>\n<td style=\"width: 13.7932%; background-color: #faf6f0; text-align: center; height: 64px;\">9:30<\/td>\n<td style=\"width: 12.5862%; background-color: #faf6f0; text-align: center; height: 64px;\">13:30<\/td>\n<\/tr>\n<tr style=\"height: 65px;\">\n<td style=\"width: 40.3449%; background-color: #faf6f0; height: 65px;\">Teatro en ingl\u00e9s: \u00ab<a href=\"https:\/\/forumteatro.com\/obras\/wardrobe-monster\/\" target=\"_blank\" rel=\"noopener\"><strong>The Wardrobe Monster<\/strong><\/a>\u00ab<\/td>\n<td style=\"width: 15.6895%; background-color: #faf6f0; text-align: center; height: 65px;\">Burlada<\/td>\n<td style=\"width: 17.5862%; background-color: #faf6f0; text-align: center; height: 65px;\">26\/10\/2023<\/td>\n<td style=\"width: 13.7932%; background-color: #faf6f0; text-align: center; height: 65px;\">11:30<\/td>\n<td style=\"width: 12.5862%; background-color: #faf6f0; text-align: center; height: 65px;\">13:30<\/td>\n<\/tr>\n<tr style=\"height: 23px;\">\n<td style=\"width: 40.3449%; background-color: #faf6f0; height: 65px;\">Planetario: \u00ab<strong><a href=\"https:\/\/www.pamplonetario.org\/es\/publico-infantil\/la-noche-del-vampiro\" target=\"_blank\" rel=\"noopener\">La noche del vampiro<\/a><\/strong>\u00ab<\/td>\n<td style=\"width: 15.6895%; background-color: #faf6f0; text-align: center; height: 65px;\">Pamplona<\/td>\n<td style=\"width: 17.5862%; background-color: #faf6f0; text-align: center; height: 65px;\">16\/11\/2023<\/td>\n<td style=\"width: 13.7932%; background-color: #faf6f0; height: 65px; text-align: center;\">9:45<\/td>\n<td style=\"width: 12.5862%; background-color: #faf6f0; text-align: center; height: 65px;\">13:30<\/td>\n<\/tr>\n<tr style=\"height: 23px;\">\n<td style=\"width: 40.3449%; background-color: #faf6f0; height: 65px;\"><a href=\"https:\/\/www.salting.es\/parque-de-camas-elasticas-iruna\/\" target=\"_blank\" rel=\"noopener\"><strong>Salting Iru\u00f1a<\/strong><\/a><\/td>\n<td style=\"width: 15.6895%; text-align: center; background-color: #faf6f0; height: 65px;\">Arre<\/td>\n<td style=\"width: 17.5862%; text-align: center; background-color: #faf6f0; height: 65px;\">01\/12\/2023<\/td>\n<td style=\"width: 13.7932%; text-align: center; background-color: #faf6f0; height: 65px;\">10:30<\/td>\n<td style=\"width: 12.5862%; text-align: center; background-color: #faf6f0; height: 65px;\">13:30<\/td>\n<\/tr>\n<tr style=\"height: 55px;\">\n<td style=\"width: 40.3449%; background-color: #faf6f0; height: 55px;\"><a href=\"https:\/\/www.mancoeduca.com\/actividades\/1746\/creacion-con-residuos\" target=\"_blank\" rel=\"noopener\"><strong>Creaci\u00f3n con residuos<\/strong><\/a><\/td>\n<td style=\"width: 15.6895%; text-align: center; background-color: #faf6f0; height: 55px;\">Ermitaberri<\/td>\n<td style=\"width: 17.5862%; text-align: center; background-color: #faf6f0; height: 55px;\">11\/01\/2024<\/td>\n<td style=\"width: 13.7932%; background-color: #faf6f0; height: 55px; text-align: center;\">\u00a0<\/td>\n<td style=\"width: 12.5862%; text-align: center; background-color: #faf6f0; height: 55px;\">\u00a0<\/td>\n<\/tr>\n<tr style=\"height: 55px;\">\n<td style=\"width: 40.3449%; background-color: #faf6f0; height: 55px;\"><a href=\"https:\/\/www.huartepalaciodehielo.com\/actividades-escolares\/\" target=\"_blank\" rel=\"noopener\"><strong>Patinaje sobre hielo<\/strong><\/a><\/td>\n<td style=\"width: 15.6895%; text-align: center; background-color: #faf6f0; height: 55px;\">Huarte<\/td>\n<td style=\"width: 17.5862%; text-align: center; background-color: #faf6f0; height: 55px;\">05\/03\/2024<\/td>\n<td style=\"width: 13.7932%; background-color: #faf6f0; height: 55px; text-align: center;\">9:45<\/td>\n<td style=\"width: 12.5862%; text-align: center; background-color: #faf6f0; height: 55px;\">12:30<\/td>\n<\/tr>\n<tr>\n<td style=\"width: 40.3449%; background-color: #faf6f0;\"><del>Playa de Nagore<\/del> Embalse de Eugi<strong><br \/><\/strong><\/td>\n<td style=\"width: 15.6895%; text-align: center; background-color: #faf6f0;\">Eugi<\/td>\n<td style=\"width: 17.5862%; text-align: center; background-color: #faf6f0;\">12\/06\/2024<\/td>\n<td style=\"width: 13.7932%; background-color: #faf6f0; height: 55px; text-align: center;\">9:15<\/td>\n<td style=\"width: 12.5862%; text-align: center; background-color: #faf6f0;\">14:00<\/td>\n<\/tr>\n<\/tbody>\n<\/table>\n<h3>\u00a0<\/h3>\n<h3><strong>4\u00ba Primaria<\/strong><\/h3>\n<table style=\"height: 454px; width: 100%; border-collapse: collapse; border-style: solid;\" border=\"1\">\n<tbody>\n<tr style=\"height: 74px;\">\n<td style=\"width: 54.5648%; background-color: #ff7300; text-align: center; height: 74px;\"><span style=\"color: #000000;\"><strong>ACTIVIDAD<\/strong><\/span><\/td>\n<td style=\"width: 16.4656%; background-color: #ff7300; text-align: center; height: 74px;\"><span style=\"color: #000000;\"><strong>LUGAR<\/strong><\/span><\/td>\n<td style=\"width: 22.418%; background-color: #ff7300; text-align: center; height: 74px;\"><span style=\"color: #000000;\"><strong>FECHA<\/strong><\/span><\/td>\n<td style=\"width: 16.8965%; background-color: #ff7300; text-align: center; height: 74px;\"><span style=\"color: #000000;\"><strong>HORA Inicio\/Salida<\/strong><\/span><\/td>\n<td style=\"width: 1.72414%; background-color: #ff7300; text-align: center; height: 74px;\"><span style=\"color: #000000;\"><strong>HORA Regreso\/Fin<\/strong><\/span><\/td>\n<\/tr>\n<tr style=\"height: 65px;\">\n<td style=\"width: 54.5648%; background-color: #faf6f0; height: 65px;\">Campamento Irrisarri Land<\/td>\n<td style=\"width: 16.4656%; text-align: center; background-color: #faf6f0; height: 65px;\" width=\"84\">Igantzi<\/td>\n<td style=\"width: 22.418%; text-align: center; background-color: #faf6f0; height: 65px;\" width=\"75\">18 y19\/10\/2023<\/td>\n<td style=\"width: 16.8965%; text-align: center; background-color: #faf6f0; height: 65px;\" width=\"40\">9:15<\/td>\n<td style=\"width: 1.72414%; text-align: center; background-color: #faf6f0; height: 65px;\" width=\"40\">16:30<\/td>\n<\/tr>\n<tr style=\"height: 65px;\">\n<td style=\"width: 54.5648%; background-color: #faf6f0; height: 65px;\">Teatro en ingl\u00e9s: \u00ab<a href=\"https:\/\/forumteatro.com\/obras\/wardrobe-monster\/\" target=\"_blank\" rel=\"noopener\"><strong>The Wardrobe Monster<\/strong><\/a>\u00ab<\/td>\n<td style=\"width: 16.4656%; text-align: center; background-color: #faf6f0; height: 65px;\" width=\"84\">Burlada<\/td>\n<td style=\"width: 22.418%; text-align: center; background-color: #faf6f0; height: 65px;\" width=\"75\">26\/10\/2023<\/td>\n<td style=\"width: 16.8965%; text-align: center; background-color: #faf6f0; height: 65px;\" width=\"40\">11:30<\/td>\n<td style=\"width: 1.72414%; text-align: center; background-color: #faf6f0; height: 65px;\" width=\"40\">13:30<\/td>\n<\/tr>\n<tr style=\"height: 65px;\">\n<td style=\"width: 54.5648%; background-color: #faf6f0; height: 65px;\">Planetario: \u00ab<a href=\"https:\/\/www.pamplonetario.org\/es\/publico-infantil\/la-noche-del-vampiro\" target=\"_blank\" rel=\"noopener\"><strong>La noche del vampiro<\/strong><\/a>\u00ab<\/td>\n<td style=\"width: 16.4656%; text-align: center; background-color: #faf6f0; height: 65px;\">Pamplona<\/td>\n<td style=\"width: 22.418%; text-align: center; background-color: #faf6f0; height: 65px;\">16\/11\/2023<\/td>\n<td style=\"width: 16.8965%; background-color: #faf6f0; height: 65px; text-align: center;\">9:45<\/td>\n<td style=\"width: 1.72414%; text-align: center; background-color: #faf6f0; height: 65px;\">13:30<\/td>\n<\/tr>\n<tr style=\"height: 65px;\">\n<td style=\"width: 54.5648%; background-color: #faf6f0; height: 65px;\"><a href=\"https:\/\/www.salting.es\/parque-de-camas-elasticas-iruna\/\" target=\"_blank\" rel=\"noopener\"><strong>Salting Iru\u00f1a<\/strong><\/a><\/td>\n<td style=\"width: 16.4656%; text-align: center; background-color: #faf6f0; height: 65px;\">Arre<\/td>\n<td style=\"width: 22.418%; text-align: center; background-color: #faf6f0; height: 65px;\">01\/12\/2023<\/td>\n<td style=\"width: 16.8965%; text-align: center; background-color: #faf6f0; height: 65px;\">10:30<\/td>\n<td style=\"width: 1.72414%; background-color: #faf6f0; height: 65px; text-align: center;\">13:30<\/td>\n<\/tr>\n<tr style=\"height: 55px;\">\n<td style=\"width: 54.5648%; background-color: #faf6f0; height: 55px;\">Playa de Nagore<\/td>\n<td style=\"width: 16.4656%; text-align: center; background-color: #faf6f0; height: 55px;\">Nagore<\/td>\n<td style=\"width: 22.418%; text-align: center; background-color: #faf6f0; height: 55px;\">12\/06\/2024<\/td>\n<td style=\"width: 16.8965%; text-align: center; background-color: #faf6f0; height: 55px;\">9:15<\/td>\n<td style=\"width: 1.72414%; text-align: center; background-color: #faf6f0; height: 55px;\">14:00<\/td>\n<\/tr>\n<tr style=\"height: 65px;\">\n<td style=\"width: 54.5648%; background-color: #faf6f0; height: 65px;\">\u00a0<\/td>\n<td style=\"width: 16.4656%; text-align: center; background-color: #faf6f0; height: 65px;\" width=\"84\">\u00a0<\/td>\n<td style=\"width: 22.418%; text-align: center; background-color: #faf6f0; height: 65px;\" width=\"75\">\u00a0<\/td>\n<td style=\"width: 16.8965%; text-align: center; background-color: #faf6f0; height: 65px;\" width=\"40\">\u00a0<\/td>\n<td style=\"width: 1.72414%; text-align: center; background-color: #faf6f0; height: 65px;\" width=\"40\">\u00a0<\/td>\n<\/tr>\n<\/tbody>\n<\/table>\n<h3>\u00a0<\/h3>\n<h3><strong>5\u00ba Primaria<\/strong><\/h3>\n<table style=\"height: 453px; width: 100%; border-collapse: collapse; border-style: solid;\" border=\"1\">\n<tbody>\n<tr style=\"height: 23px;\">\n<td style=\"width: 40.3449%; background-color: #ff7300; height: 65px; text-align: center;\"><span style=\"color: #000000;\"><strong>ACTIVIDAD<\/strong><\/span><\/td>\n<td style=\"width: 15.6895%; background-color: #ff7300; text-align: center; height: 65px;\"><span style=\"color: #000000;\"><strong>LUGAR<\/strong><\/span><\/td>\n<td style=\"width: 17.5862%; background-color: #ff7300; text-align: center; height: 65px;\"><span style=\"color: #000000;\"><strong>FECHA<\/strong><\/span><\/td>\n<td style=\"width: 13.7932%; background-color: #ff7300; text-align: center; height: 65px;\"><span style=\"color: #000000;\"><strong>HORA Inicio\/Salida<\/strong><\/span><\/td>\n<td style=\"width: 12.5862%; background-color: #ff7300; text-align: center; height: 65px;\"><span style=\"color: #000000;\"><strong>HORA Regreso\/Fin<\/strong><\/span><\/td>\n<\/tr>\n<tr style=\"height: 64px;\">\n<td style=\"width: 40.3449%; background-color: #faf6f0; height: 64px;\">English Week<\/td>\n<td style=\"width: 15.6895%; background-color: #faf6f0; text-align: center; height: 64px;\">Lekaroz<\/td>\n<td style=\"width: 17.5862%; background-color: #faf6f0; text-align: center; height: 64px;\">11 al 15\/09\/2023<\/td>\n<td style=\"width: 13.7932%; background-color: #faf6f0; height: 64px; text-align: center;\">9:10<\/td>\n<td style=\"width: 12.5862%; background-color: #faf6f0; text-align: center; height: 64px;\">17:00<\/td>\n<\/tr>\n<tr style=\"height: 64px;\">\n<td style=\"width: 40.3449%; background-color: #faf6f0; height: 64px;\">Teatro en ingl\u00e9s: \u00ab<a href=\"https:\/\/forumteatro.com\/obras\/wardrobe-monster\/\" target=\"_blank\" rel=\"noopener\"><strong>The Wardrobe Monster<\/strong><\/a>\u00ab<\/td>\n<td style=\"width: 15.6895%; background-color: #faf6f0; text-align: center; height: 64px;\">Burlada<\/td>\n<td style=\"width: 17.5862%; background-color: #faf6f0; text-align: center; height: 64px;\">26\/10\/2023<\/td>\n<td style=\"width: 13.7932%; background-color: #faf6f0; height: 64px; text-align: center;\">11:30<\/td>\n<td style=\"width: 12.5862%; background-color: #faf6f0; text-align: center; height: 64px;\">13:30<\/td>\n<\/tr>\n<tr style=\"height: 23px;\">\n<td style=\"width: 40.3449%; background-color: #faf6f0; height: 65px;\"><strong><a href=\"https:\/\/www.mancoeduca.com\/actividades\/2961\/un-tesoro-en-mi-basura\" target=\"_blank\" rel=\"noopener\">Un tesoro en mi basura<\/a><\/strong><\/td>\n<td style=\"width: 15.6895%; background-color: #faf6f0; text-align: center; height: 65px;\">Berriozar<\/td>\n<td style=\"width: 17.5862%; background-color: #faf6f0; text-align: center; height: 65px;\">11\/12\/2023<\/td>\n<td style=\"width: 13.7932%; background-color: #faf6f0; height: 65px; text-align: center;\">9:00<\/td>\n<td style=\"width: 12.5862%; background-color: #faf6f0; text-align: center; height: 65px;\">12:15<\/td>\n<\/tr>\n<tr style=\"height: 23px;\">\n<td style=\"width: 40.3449%; background-color: #faf6f0; height: 65px;\"><a href=\"https:\/\/www.mancoeduca.com\/actividades\/2851\/gongora-separar-para-reciclar\" target=\"_blank\" rel=\"noopener\"><strong>Separar para reciclar<\/strong><\/a><\/td>\n<td style=\"width: 15.6895%; text-align: center; background-color: #faf6f0; height: 65px;\">G\u00f3ngora<\/td>\n<td style=\"width: 17.5862%; text-align: center; background-color: #faf6f0; height: 65px;\">26\/02\/2024<\/td>\n<td style=\"width: 13.7932%; text-align: center; background-color: #faf6f0; height: 65px;\">10:45<\/td>\n<td style=\"width: 12.5862%; background-color: #faf6f0; height: 65px; text-align: center;\">14:00<\/td>\n<\/tr>\n<tr style=\"height: 65px;\">\n<td style=\"width: 40.3449%; background-color: #faf6f0; height: 65px;\"><a href=\"https:\/\/www.eurekamuseoa.eus\/es\/educacion\/oferta-escolar-2023-24\" target=\"_blank\" rel=\"noopener\"><strong>Visita al Eureka! Zientzia Museoa<\/strong><\/a><\/td>\n<td style=\"width: 15.6895%; text-align: center; background-color: #faf6f0; height: 65px;\">Donostia<\/td>\n<td style=\"width: 17.5862%; text-align: center; background-color: #faf6f0; height: 65px;\">29\/05\/2024<\/td>\n<td style=\"width: 13.7932%; text-align: center; background-color: #faf6f0; height: 65px;\">9:00<\/td>\n<td style=\"width: 12.5862%; background-color: #faf6f0; text-align: center; height: 65px;\">16:00<\/td>\n<\/tr>\n<tr style=\"height: 65px;\">\n<td style=\"width: 40.3449%; background-color: #faf6f0; height: 65px;\">\u00a0<\/td>\n<td style=\"width: 15.6895%; text-align: center; background-color: #faf6f0; height: 65px;\">\u00a0<\/td>\n<td style=\"width: 17.5862%; text-align: center; background-color: #faf6f0; height: 65px;\">\u00a0<\/td>\n<td style=\"width: 13.7932%; text-align: center; background-color: #faf6f0; height: 65px;\">\u00a0<\/td>\n<td style=\"width: 12.5862%; background-color: #faf6f0; height: 65px; text-align: center;\">\u00a0<\/td>\n<\/tr>\n<\/tbody>\n<\/table>\n<h3>\u00a0<\/h3>\n<h3><strong>6\u00ba Primaria<\/strong><\/h3>\n<table style=\"height: 389px; width: 100%; border-collapse: collapse; border-style: solid;\" border=\"1\">\n<tbody>\n<tr style=\"height: 23px;\">\n<td style=\"width: 40.3449%; background-color: #ff7300; height: 65px; text-align: center;\"><span style=\"color: #000000;\"><strong>ACTIVIDAD<\/strong><\/span><\/td>\n<td style=\"width: 15.6895%; background-color: #ff7300; text-align: center; height: 65px;\"><span style=\"color: #000000;\"><strong>LUGAR<\/strong><\/span><\/td>\n<td style=\"width: 17.5862%; background-color: #ff7300; text-align: center; height: 65px;\"><span style=\"color: #000000;\"><strong>FECHA<\/strong><\/span><\/td>\n<td style=\"width: 13.7932%; background-color: #ff7300; text-align: center; height: 65px;\"><span style=\"color: #000000;\"><strong>HORA Inicio\/Salida<\/strong><\/span><\/td>\n<td style=\"width: 12.5862%; background-color: #ff7300; text-align: center; height: 65px;\"><span style=\"color: #000000;\"><strong>HORA Regreso\/Fin<\/strong><\/span><\/td>\n<\/tr>\n<tr style=\"height: 64px;\">\n<td style=\"width: 40.3449%; background-color: #faf6f0; text-align: left; height: 64px;\">Esperimentuak Arazurin<\/td>\n<td style=\"width: 15.6895%; background-color: #faf6f0; text-align: center; height: 64px;\">Arazuri<\/td>\n<td style=\"width: 17.5862%; background-color: #faf6f0; text-align: center; height: 64px;\">16\/10\/2023<\/td>\n<td style=\"width: 13.7932%; background-color: #faf6f0; text-align: center; height: 64px;\">9:30<\/td>\n<td style=\"width: 12.5862%; background-color: #faf6f0; text-align: center; height: 64px;\">14:00<\/td>\n<\/tr>\n<tr>\n<td style=\"width: 40.3449%;\" width=\"312\">Teatro en ingl\u00e9s: \u00ab<strong><a href=\"https:\/\/forumteatro.com\/obras\/wardrobe-monster\/\" target=\"_blank\" rel=\"noopener\">The Wardrobe Monster<\/a><\/strong>\u00ab<\/td>\n<td style=\"width: 15.6895%; background-color: #faf6f0; text-align: center; height: 65px;\">Burlada<\/td>\n<td style=\"width: 17.5862%; background-color: #faf6f0; text-align: center; height: 65px;\">26\/10\/2023<\/td>\n<td style=\"width: 13.7932%; background-color: #faf6f0; height: 65px; text-align: center;\">11:30<\/td>\n<td style=\"width: 12.5862%; background-color: #faf6f0; text-align: center; height: 65px;\">13:30<\/td>\n<\/tr>\n<tr>\n<td style=\"width: 40.3449%; background-color: #faf6f0;\"><strong><a href=\"https:\/\/www.esquiescolar.com\/es\/inicio\" target=\"_blank\" rel=\"noopener\">Semana Blanca<\/a><\/strong><\/td>\n<td style=\"width: 15.6895%; background-color: #faf6f0; height: 55px; text-align: center;\">Ochagav\u00eda<\/td>\n<td style=\"width: 17.5862%; text-align: center; background-color: #faf6f0;\">19 al 23\/02\/2024<\/td>\n<td style=\"width: 13.7932%; background-color: #faf6f0; text-align: center;\">\u00a0<\/td>\n<td style=\"width: 12.5862%; text-align: center; background-color: #faf6f0;\">\u00a0<\/td>\n<\/tr>\n<tr style=\"height: 23px;\">\n<td style=\"width: 40.3449%; background-color: #faf6f0; height: 65px;\">Anillamiento de aves en el parque fluvial<\/td>\n<td style=\"width: 15.6895%; text-align: center; background-color: #faf6f0; height: 65px;\">Huarte<\/td>\n<td style=\"width: 17.5862%; text-align: center; background-color: #faf6f0; height: 65px;\">06\/03\/2024<\/td>\n<td style=\"width: 13.7932%; background-color: #faf6f0; height: 65px; text-align: center;\">9:15<\/td>\n<td style=\"width: 12.5862%; text-align: center; background-color: #faf6f0; height: 65px;\">14:00<\/td>\n<\/tr>\n<tr style=\"height: 23px;\">\n<td style=\"width: 40.3449%; background-color: #faf6f0; height: 65px;\">Visita al castillo de Irulegi<\/td>\n<td style=\"width: 15.6895%; text-align: center; background-color: #faf6f0; height: 65px;\">Lakidain<\/td>\n<td style=\"width: 17.5862%; text-align: center; background-color: #faf6f0; height: 65px;\">10\/05\/2024<\/td>\n<td style=\"width: 13.7932%; background-color: #faf6f0; height: 65px; text-align: center;\">9:15<\/td>\n<td style=\"width: 12.5862%; text-align: center; background-color: #faf6f0; height: 65px;\">14:00<\/td>\n<\/tr>\n<tr>\n<td style=\"width: 40.3449%; background-color: #faf6f0; height: 65px;\"><a href=\"https:\/\/www.piraguismopamplona.com\/\" target=\"_blank\" rel=\"noopener\"><strong>Piraguismo &#8211; Kayak<\/strong><\/a><\/td>\n<td style=\"width: 15.6895%; text-align: center; background-color: #faf6f0;\">Molino Caparroso<\/td>\n<td style=\"width: 17.5862%; text-align: center; background-color: #faf6f0;\">07\/06\/2024<\/td>\n<td style=\"width: 13.7932%; text-align: center; background-color: #faf6f0;\">9:15<\/td>\n<td style=\"width: 12.5862%; text-align: center; background-color: #faf6f0;\">14:00<\/td>\n<\/tr>\n<tr style=\"height: 23px;\">\n<td style=\"width: 40.3449%; background-color: #faf6f0; height: 65px;\">\u00a0<\/td>\n<td style=\"width: 15.6895%; text-align: center; background-color: #faf6f0; height: 65px;\">\u00a0<\/td>\n<td style=\"width: 17.5862%; text-align: center; background-color: #faf6f0; height: 65px;\">\u00a0<\/td>\n<td style=\"width: 13.7932%; text-align: center; background-color: #faf6f0; height: 65px;\">\u00a0<\/td>\n<td style=\"width: 12.5862%; text-align: center; background-color: #faf6f0; height: 65px;\">\u00a0<\/td>\n<\/tr>\n<tr>\n<td style=\"width: 40.3449%; background-color: #faf6f0; height: 65px;\">\u00a0<\/td>\n<td style=\"width: 15.6895%; text-align: center; background-color: #faf6f0;\">\u00a0<\/td>\n<td style=\"width: 17.5862%; text-align: center; background-color: #faf6f0;\">\u00a0<\/td>\n<td style=\"width: 13.7932%; text-align: center; background-color: #faf6f0;\">\u00a0<\/td>\n<td style=\"width: 12.5862%; text-align: center; background-color: #faf6f0;\">\u00a0<\/td>\n<\/tr>\n<\/tbody>\n<\/table>\n<h3><strong><a href=\"http:\/\/firaeducacion.com\/eu\/irakurketa-sustapena\/\" target=\"_blank\" rel=\"noopener noreferrer\">FIRA<\/a> &#8211; Programa de animaci\u00f3n a la lectura<br \/><\/strong><\/h3>\nComo cada a\u00f1o, participaremos en el programa FIRA. Las actividades se realizar\u00e1n siempre en Ermitaberri. Hemos realizado la solicitud de participaci\u00f3n, y estamos a la espera de que nos confirmen los autores\/as y las diferentes fechas.<\/div>\n<div>\n<p>\u00a0<\/p>\n<table style=\"height: 357px; width: 100%; border-collapse: collapse; border-color: #000000; border-style: solid;\" border=\"1\">\n<tbody>\n<tr style=\"height: 53px;\">\n<td style=\"width: 20%; background-color: #918500; height: 53px; text-align: center;\"><span style=\"color: #000000;\"><strong>Autor\/a<\/strong><\/span><\/td>\n<td style=\"width: 20%; background-color: #918500; text-align: center; height: 53px;\"><span style=\"color: #000000;\"><strong>Actividad<\/strong><\/span><\/td>\n<td style=\"width: 20%; background-color: #918500; text-align: center; height: 53px;\"><span style=\"color: #000000;\"><strong>Curso<\/strong><\/span><\/td>\n<td style=\"width: 20%; background-color: #918500; text-align: center; height: 53px;\"><span style=\"color: #000000;\"><strong>Fecha<\/strong><\/span><\/td>\n<td style=\"width: 20%; background-color: #918500; text-align: center; height: 53px;\"><span style=\"color: #000000;\"><strong>Horario<\/strong><\/span><\/td>\n<\/tr>\n<tr style=\"height: 53px;\">\n<td style=\"width: 20%; height: 50px; text-align: center; background-color: #faf6f0;\">Anduri\u00f1a<\/td>\n<td style=\"width: 20%; height: 50px; text-align: center; background-color: #faf6f0;\">Sesi\u00f3n de narraci\u00f3n oral<\/td>\n<td style=\"width: 20%; text-align: center; height: 50px; background-color: #faf6f0;\">3\u00ba Infantil<\/td>\n<td style=\"width: 20%; text-align: center; height: 50px; background-color: #faf6f0;\">24\/04\/2024<\/td>\n<td style=\"width: 20%; text-align: center; height: 50px; background-color: #faf6f0;\">12:40<\/td>\n<\/tr>\n<tr style=\"height: 50px;\">\n<td style=\"width: 20%; height: 50px; text-align: center; background-color: #faf6f0;\" width=\"366\">In\u00e9s Bengoa<\/td>\n<td style=\"width: 20%; height: 50px; text-align: center; background-color: #faf6f0;\">Sesi\u00f3n de narraci\u00f3n oral<\/td>\n<td style=\"width: 20%; text-align: center; height: 50px; background-color: #faf6f0;\">2\u00ba Primaria<\/td>\n<td style=\"width: 20%; text-align: center; height: 50px; background-color: #faf6f0;\">09\/01\/2024<\/td>\n<td style=\"width: 20%; text-align: center; height: 50px; background-color: #faf6f0;\">11:15<\/td>\n<\/tr>\n<tr style=\"height: 50px;\">\n<td style=\"width: 20%; height: 50px; text-align: center; background-color: #faf6f0;\" width=\"366\">Ameli<\/td>\n<td style=\"width: 20%; text-align: center; height: 50px; background-color: #faf6f0;\">Sesi\u00f3n de narraci\u00f3n oral<\/td>\n<td style=\"width: 20%; text-align: center; height: 50px; background-color: #faf6f0;\">3\u00ba Primaria<\/td>\n<td style=\"width: 20%; text-align: center; height: 50px; background-color: #faf6f0;\">19\/03\/2024<\/td>\n<td style=\"width: 20%; text-align: center; height: 50px; background-color: #faf6f0;\">9:40<\/td>\n<\/tr>\n<tr style=\"height: 54px;\">\n<td style=\"width: 20%; text-align: center; background-color: #faf6f0; height: 54px;\">Violeta Monreal<\/td>\n<td style=\"width: 20%; text-align: center; background-color: #faf6f0; height: 54px;\">Encuentro con autor\/a<\/td>\n<td style=\"width: 20%; text-align: center; background-color: #faf6f0; height: 54px;\">4\u00ba Primaria<\/td>\n<td style=\"width: 20%; text-align: center; background-color: #faf6f0; height: 54px;\">03\/05\/2024<\/td>\n<td style=\"width: 20%; height: 54px; text-align: center; background-color: #faf6f0;\">11:10<\/td>\n<\/tr>\n<tr style=\"height: 50px;\">\n<td style=\"width: 20%; height: 50px; text-align: center; background-color: #faf6f0;\" width=\"366\">Belatz<\/td>\n<td style=\"width: 20%; text-align: center; height: 50px; background-color: #faf6f0;\">Encuentro con autor\/a<\/td>\n<td style=\"width: 20%; text-align: center; height: 50px; background-color: #faf6f0;\">5\u00ba Primaria<\/td>\n<td style=\"width: 20%; text-align: center; height: 50px; background-color: #faf6f0;\">24\/04\/2024<\/td>\n<td style=\"width: 20%; text-align: center; height: 50px; background-color: #faf6f0;\">11:10<\/td>\n<\/tr>\n<tr style=\"height: 50px;\">\n<td style=\"width: 20%; height: 50px; background-color: #faf6f0; text-align: center;\" width=\"366\">Miren Agur Meabe<\/td>\n<td style=\"width: 20%; text-align: center; height: 50px; background-color: #faf6f0;\">Encuentro con autor\/a<\/td>\n<td style=\"width: 20%; text-align: center; height: 50px; background-color: #faf6f0;\">6\u00ba Primaria<\/td>\n<td style=\"width: 20%; text-align: center; height: 50px; background-color: #faf6f0;\">25\/04\/2024<\/td>\n<td style=\"width: 20%; text-align: center; height: 50px; background-color: #faf6f0;\">10:40<\/td>\n<\/tr>\n<\/tbody>\n<\/table>\n<h3><strong>\u00a0<\/strong><\/h3>\n<\/div>\n<\/div>\n<\/div>\n<\/div>\n<\/div>\n<\/div>\n<\/div>\n","protected":false},"excerpt":{"rendered":"<p>Presentamos todas las actividades complementarias a realizar durante el curso 2023\/2024. Cualquier modificaci\u00f3n en cuanto a fechas, nuevas actividades, etc. la publicaremos en esta misma p\u00e1gina.<\/p>\n","protected":false},"author":1,"featured_media":9488,"comment_status":"open","ping_status":"open","sticky":false,"template":"","format":"standard","meta":{"_editorskit_title_hidden":false,"_editorskit_reading_time":2,"_editorskit_is_block_options_detached":false,"_editorskit_block_options_position":"{}","_genesis_hide_title":false,"_genesis_hide_breadcrumbs":false,"_genesis_hide_singular_image":false,"_genesis_hide_footer_widgets":false,"_genesis_custom_body_class":"","_genesis_custom_post_class":"","_genesis_layout":"","footnotes":""},"categories":[38,1],"tags":[],"_links":{"self":[{"href":"https:\/\/ermitaberriip.educacion.navarra.es\/web\/es\/wp-json\/wp\/v2\/posts\/17725"}],"collection":[{"href":"https:\/\/ermitaberriip.educacion.navarra.es\/web\/es\/wp-json\/wp\/v2\/posts"}],"about":[{"href":"https:\/\/ermitaberriip.educacion.navarra.es\/web\/es\/wp-json\/wp\/v2\/types\/post"}],"author":[{"embeddable":true,"href":"https:\/\/ermitaberriip.educacion.navarra.es\/web\/es\/wp-json\/wp\/v2\/users\/1"}],"replies":[{"embeddable":true,"href":"https:\/\/ermitaberriip.educacion.navarra.es\/web\/es\/wp-json\/wp\/v2\/comments?post=17725"}],"version-history":[{"count":60,"href":"https:\/\/ermitaberriip.educacion.navarra.es\/web\/es\/wp-json\/wp\/v2\/posts\/17725\/revisions"}],"predecessor-version":[{"id":19488,"href":"https:\/\/ermitaberriip.educacion.navarra.es\/web\/es\/wp-json\/wp\/v2\/posts\/17725\/revisions\/19488"}],"wp:featuredmedia":[{"embeddable":true,"href":"https:\/\/ermitaberriip.educacion.navarra.es\/web\/es\/wp-json\/wp\/v2\/media\/9488"}],"wp:attachment":[{"href":"https:\/\/ermitaberriip.educacion.navarra.es\/web\/es\/wp-json\/wp\/v2\/media?parent=17725"}],"wp:term":[{"taxonomy":"category","embeddable":true,"href":"https:\/\/ermitaberriip.educacion.navarra.es\/web\/es\/wp-json\/wp\/v2\/categories?post=17725"},{"taxonomy":"post_tag","embeddable":true,"href":"https:\/\/ermitaberriip.educacion.navarra.es\/web\/es\/wp-json\/wp\/v2\/tags?post=17725"}],"curies":[{"name":"wp","href":"https:\/\/api.w.org\/{rel}","templated":true}]}}