{"id":19049,"date":"2024-03-12T14:00:00","date_gmt":"2024-03-12T13:00:00","guid":{"rendered":"https:\/\/ermitaberriip.educacion.navarra.es\/web\/?p=19049"},"modified":"2024-03-12T14:43:51","modified_gmt":"2024-03-12T13:43:51","slug":"proceso-de-admision-2024-2025-documentacion","status":"publish","type":"post","link":"https:\/\/ermitaberriip.educacion.navarra.es\/web\/es\/blog\/proceso-de-admision-2024-2025-documentacion\/","title":{"rendered":"Proceso de admisi\u00f3n 2024\/2025 \u2013 Documentaci\u00f3n"},"content":{"rendered":"\n<figure class=\"wp-block-image size-large is-resized\"><img fetchpriority=\"high\" decoding=\"async\" width=\"1440\" height=\"1080\" src=\"https:\/\/ermitaberriip.educacion.navarra.es\/web\/wp-content\/uploads\/2019\/01\/Dokumentazioa-matrikula-e1606291097321.jpg\" alt=\"\" class=\"wp-image-7431\" style=\"width:800px;height:532px\" srcset=\"https:\/\/ermitaberriip.educacion.navarra.es\/web\/wp-content\/uploads\/2019\/01\/Dokumentazioa-matrikula-e1606291097321.jpg 1440w, https:\/\/ermitaberriip.educacion.navarra.es\/web\/wp-content\/uploads\/2019\/01\/Dokumentazioa-matrikula-e1606291097321-300x225.jpg 300w, https:\/\/ermitaberriip.educacion.navarra.es\/web\/wp-content\/uploads\/2019\/01\/Dokumentazioa-matrikula-e1606291097321-768x576.jpg 768w, https:\/\/ermitaberriip.educacion.navarra.es\/web\/wp-content\/uploads\/2019\/01\/Dokumentazioa-matrikula-e1606291097321-1024x768.jpg 1024w\" sizes=\"(max-width: 1440px) 100vw, 1440px\" \/><\/figure>\n\n\n<p>\u00a0<\/p>\n<p>En esta p\u00e1gina recogemos la documentaci\u00f3n a presentar para formalizar la preinscripci\u00f3n.<\/p>\n<p>Del mismo modo, en el <a href=\"https:\/\/ermitaberriip.educacion.navarra.es\/web\/es\/proceso-admision-2025-2026-ermitaberri\/\" target=\"_blank\" rel=\"noopener\"><strong>Portal de Matr\u00edculaci\u00f3n<\/strong><\/a> de Ermitaberri encontrar\u00e1s toda la informaci\u00f3n centralizada sobre el proceso de admisi\u00f3n (tramitaci\u00f3n, plazos, baremo, normativa, etc.).<\/p>\n<h3><strong>DOCUMENTACI\u00d3N OFICIAL<\/strong><\/h3>\n<ul>\n<li><a href=\"https:\/\/ermitaberriip.educacion.navarra.es\/web\/wp-content\/uploads\/2024\/03\/Aurrematrikula-orria-2024-2025.pdf\"><strong>Impreso oficial de prematr\u00edcula<\/strong><\/a>.\u00a0<\/li>\n<\/ul>\n<p style=\"padding-left: 80px;\">Disponible tambi\u00e9n en Secretar\u00eda de Ermitaberri.<\/p>\n<ul>\n<li>Copia del <strong>Libro de Familia<\/strong> o de cualquier otro medio v\u00e1lido en derecho que acredite el v\u00ednculo familiar.<\/li>\n<li>Copia del volante o<strong> certificado de empadronamiento<\/strong> en el que figuren el alumno o alumna y, al menos, uno de sus progenitores o de las personas que ostenten su tutor\u00eda legal. Este certificado debe haber sido expedido con posterioridad al 24 de diciembre de 2023. El alta en el domicilio deber\u00e1 ser anterior al 22 de febrero de 2024.<\/li>\n<li>En caso de querer optar a la baremaci\u00f3n por el lugar de trabajo:<\/li>\n<\/ul>\n<p style=\"padding-left: 80px;\">A efectos de su valoraci\u00f3n en el <a href=\"https:\/\/ermitaberriip.educacion.navarra.es\/web\/es\/blog\/proceso-de-admision-2024-2025-baremo\/\" target=\"_blank\" rel=\"noopener\"><strong>baremo<\/strong><\/a>, se podr\u00e1 presentar, adem\u00e1s, un certificado, expedido con fecha posterior al 24 de diciembre de 2023, que indique los datos personales de la persona interesada, alta en la Seguridad Social y los referidos al domicilio en que desarrolla su puesto de trabajo, junto con una copia del contrato de trabajo.<\/p>\n<p style=\"padding-left: 80px;\">En el caso de personal al servicio de las Administraciones P\u00fablicas, deber\u00e1 aportarse una certificaci\u00f3n expedida por la jefatura de personal correspondiente en la que figuren los datos personales de la persona interesada y los referidos al domicilio en que desarrolla su puesto de trabajo.<\/p>\n<p style=\"padding-left: 80px;\">En el caso de trabajadores aut\u00f3nomos, deber\u00e1 presentarse el documento de alta del Impuesto de Actividades Econ\u00f3micas (IAE) expedido por el ayuntamiento de la localidad, as\u00ed como copia del pago de la \u00faltima cuota del a\u00f1o en curso o, en su defecto, la del a\u00f1o anterior.<\/p>\n<ul>\n<li><strong>Acreditaci\u00f3n de hermanos o hermanas<\/strong> en el centro (deb\u00e9is solicitarlo en Ermitaberri).<\/li>\n<li>Fotocopia de la <strong>hoja de vacunaciones<\/strong> del alumno\/a.<\/li>\n<li>Fotocopia de la <strong>Tarjeta Sanitaria<\/strong> del alumno\/a.<\/li>\n<li>Certificado, resoluci\u00f3n o tarjeta de discapacidad, de al menos un 33%, del alumno o alumna y\/o de alg\u00fan miembro de la familia.<\/li>\n<li>Documentaci\u00f3n oficial acreditativa de condici\u00f3n de v\u00edctima de violencia de g\u00e9nero o de terrorismo.<\/li>\n<li>Certificaci\u00f3n de Ermitaberri en el que se especifique la condici\u00f3n de trabajador o trabajadora de la madre, el padre o la persona que ostente la tutor\u00eda legal.<\/li>\n<li>T\u00edtulo oficial que acredite la condici\u00f3n legal de familia numerosa.<\/li>\n<li>T\u00edtulo oficial que acredite la situaci\u00f3n de acogimiento familiar.<\/li>\n<li>T\u00edtulo oficial que acredite la condici\u00f3n de familia monoparental.<\/li>\n<li>T\u00edtulo oficial que acredite la condici\u00f3n de alumnado nacido de parto m\u00faltiple.<\/li>\n<li>Documentaci\u00f3n oficial que acredite la condici\u00f3n de Alumnado con Necesidad Espec\u00edfica de Apoyo Educativo (ACNEAE), salvo que la familia del alumno o alumna tenga constancia de que est\u00e1 censado en EDUCA con dicha condici\u00f3n.<\/li>\n<\/ul>\n<h3><strong>DOCUMENTACI\u00d3N COMPLEMENTARIA<\/strong><\/h3>\n<p>Esta documentaci\u00f3n es tambi\u00e9n obligatoria para completar el proceso de inscripci\u00f3n.<\/p>\n<ul>\n<li><strong>Ficha del alumno\/a<\/strong>. Disponible tambi\u00e9n en Secretar\u00eda de Ermitaberri.\n<ul>\n<li><strong><a href=\"https:\/\/ermitaberriip.educacion.navarra.es\/web\/wp-content\/uploads\/2021\/05\/Ikaslearen-fitxa-HH.pdf\">Educaci\u00f3n Infantil<\/a><\/strong><\/li>\n<li><a href=\"https:\/\/ermitaberriip.educacion.navarra.es\/web\/wp-content\/uploads\/2021\/05\/Ikaslearen-fitxa-LH.pdf\"><strong>Educaci\u00f3n Primaria<\/strong><\/a><\/li>\n<\/ul>\n<\/li>\n<li><a href=\"https:\/\/ermitaberriip.educacion.navarra.es\/web\/wp-content\/uploads\/2021\/05\/Banku-kontuaren-agiria.pdf\"><strong>Impreso cuenta corriente <\/strong><\/a>(disponible tambi\u00e9n en Secretar\u00eda de Ermitaberri).<\/li>\n<li><a href=\"https:\/\/ermitaberriip.educacion.navarra.es\/web\/wp-content\/uploads\/2022\/02\/Argazki-eta-bideoen-baimen-orria.pdf\"><strong>Permiso publicaci\u00f3n fotos y videos<\/strong><\/a> (disponible tambi\u00e9n en Secretar\u00eda de Ermitaberri).<\/li>\n<li>Fotocopia de<strong> informes m\u00e9dicos<\/strong> en caso de enfermedades rese\u00f1ables, alergias, intolerancias, etc.<\/li>\n<\/ul>\n<p style=\"padding-left: 60px;\">\u00a0<\/p>","protected":false},"excerpt":{"rendered":"<p>El Departamento de Educaci\u00f3n ha publicado las instrucciones para realizar la matr\u00edcula en el Colegio P\u00fablico Ermitaberri de cara al curso 2024\/2025. En esta p\u00e1gina resumimos todos los plazos del proceso de admisi\u00f3n, as\u00ed como la documentaci\u00f3n a presentar para formalizar la preinscripci\u00f3n.<\/p>\n<p>Del mismo modo, en el Portal de Matr\u00edculaci\u00f3n de Ermitaberri encontrar\u00e1s toda la informaci\u00f3n centralizada sobre el proceso de admisi\u00f3n (tramitaci\u00f3n, plazos, baremo, normativa, etc.).<\/p>\n","protected":false},"author":1,"featured_media":7432,"comment_status":"open","ping_status":"open","sticky":false,"template":"","format":"standard","meta":{"_editorskit_title_hidden":false,"_editorskit_reading_time":2,"_editorskit_is_block_options_detached":false,"_editorskit_block_options_position":"{}","_genesis_hide_title":false,"_genesis_hide_breadcrumbs":false,"_genesis_hide_singular_image":false,"_genesis_hide_footer_widgets":false,"_genesis_custom_body_class":"","_genesis_custom_post_class":"","_genesis_layout":"","footnotes":""},"categories":[18,1],"tags":[40],"_links":{"self":[{"href":"https:\/\/ermitaberriip.educacion.navarra.es\/web\/es\/wp-json\/wp\/v2\/posts\/19049"}],"collection":[{"href":"https:\/\/ermitaberriip.educacion.navarra.es\/web\/es\/wp-json\/wp\/v2\/posts"}],"about":[{"href":"https:\/\/ermitaberriip.educacion.navarra.es\/web\/es\/wp-json\/wp\/v2\/types\/post"}],"author":[{"embeddable":true,"href":"https:\/\/ermitaberriip.educacion.navarra.es\/web\/es\/wp-json\/wp\/v2\/users\/1"}],"replies":[{"embeddable":true,"href":"https:\/\/ermitaberriip.educacion.navarra.es\/web\/es\/wp-json\/wp\/v2\/comments?post=19049"}],"version-history":[{"count":9,"href":"https:\/\/ermitaberriip.educacion.navarra.es\/web\/es\/wp-json\/wp\/v2\/posts\/19049\/revisions"}],"predecessor-version":[{"id":19184,"href":"https:\/\/ermitaberriip.educacion.navarra.es\/web\/es\/wp-json\/wp\/v2\/posts\/19049\/revisions\/19184"}],"wp:featuredmedia":[{"embeddable":true,"href":"https:\/\/ermitaberriip.educacion.navarra.es\/web\/es\/wp-json\/wp\/v2\/media\/7432"}],"wp:attachment":[{"href":"https:\/\/ermitaberriip.educacion.navarra.es\/web\/es\/wp-json\/wp\/v2\/media?parent=19049"}],"wp:term":[{"taxonomy":"category","embeddable":true,"href":"https:\/\/ermitaberriip.educacion.navarra.es\/web\/es\/wp-json\/wp\/v2\/categories?post=19049"},{"taxonomy":"post_tag","embeddable":true,"href":"https:\/\/ermitaberriip.educacion.navarra.es\/web\/es\/wp-json\/wp\/v2\/tags?post=19049"}],"curies":[{"name":"wp","href":"https:\/\/api.w.org\/{rel}","templated":true}]}}