{"id":19332,"date":"2024-04-10T10:30:42","date_gmt":"2024-04-10T08:30:42","guid":{"rendered":"https:\/\/ermitaberriip.educacion.navarra.es\/web\/?p=19332"},"modified":"2024-04-10T10:30:43","modified_gmt":"2024-04-10T08:30:43","slug":"reparto-de-fruta-2024","status":"publish","type":"post","link":"https:\/\/ermitaberriip.educacion.navarra.es\/web\/es\/blog\/reparto-de-fruta-2024\/","title":{"rendered":"Reparto de fruta 2024"},"content":{"rendered":"\n<p><a href=\"https:\/\/ermitaberriip.educacion.navarra.es\/web\/wp-content\/uploads\/2019\/03\/Osasuntsu-Hazi-collage-300x225.jpg\"><img fetchpriority=\"high\" decoding=\"async\" class=\"alignleft wp-image-8349 size-medium\" src=\"https:\/\/ermitaberriip.educacion.navarra.es\/web\/wp-content\/uploads\/2019\/03\/Osasuntsu-Hazi-collage-300x225.jpg\" alt=\"\" width=\"300\" height=\"225\" srcset=\"https:\/\/ermitaberriip.educacion.navarra.es\/web\/wp-content\/uploads\/2019\/03\/Osasuntsu-Hazi-collage-300x225.jpg 300w, https:\/\/ermitaberriip.educacion.navarra.es\/web\/wp-content\/uploads\/2019\/03\/Osasuntsu-Hazi-collage-768x576.jpg 768w, https:\/\/ermitaberriip.educacion.navarra.es\/web\/wp-content\/uploads\/2019\/03\/Osasuntsu-Hazi-collage-1024x768.jpg 1024w, https:\/\/ermitaberriip.educacion.navarra.es\/web\/wp-content\/uploads\/2019\/03\/Osasuntsu-Hazi-collage.jpg 1920w\" sizes=\"(max-width: 300px) 100vw, 300px\" \/><\/a> Como en a\u00f1os anteriores, en Ermitaberri vamos a participar en la campa\u00f1a del Gobierno de Navarra de reparto de frutas y verduras en las escuelas. El programa promueve los h\u00e1bitos alimentarios saludables y est\u00e1 dirigido a todo el alumnado de <strong>Educaci\u00f3n Infantil<\/strong>. Ten\u00e9is m\u00e1s informaci\u00f3n <a href=\"https:\/\/www.educacion.navarra.es\/web\/dpto\/programa-escolar-de-consumo-de-frutas-y-verduras\" target=\"_blank\" rel=\"noopener noreferrer\">aqu\u00ed<\/a>.<\/p>\n<p>Esta campa\u00f1a comenzar\u00e1 el 8 de abril y tendr\u00e1 una duraci\u00f3n de 9 semanas, concretamente hasta el 7 de junio, a falta de dos semanas para la finalizaci\u00f3n del curso escolar. De este modo, durante estas 9 semanas el Gobierno de Navarra se encargar\u00e1 de repartir fruta, de manera gratuita, a los alumnos y alumnas de Educaci\u00f3n Infantil de todos los colegios admitidos en el programa.<\/p>\n<p>En el colegio pelaremos y trocearemos cada pieza, para repartirlas entre el alumnado a modo de macedonia, de modo que cada cual tendr\u00e1 a su disposici\u00f3n toda la fruta que recibamos cada semana. Destinaremos el segundo recreo para comer la fruta.<\/p>\n<p>El calendario de reparto de frutas y verduras es el siguiente:<\/p>\n\n\n\n<figure class=\"wp-block-image size-large\"><a href=\"https:\/\/ermitaberriip.educacion.navarra.es\/web\/wp-content\/uploads\/2024\/04\/Reparto-fruta-2024-Ermitaberri-1024x444.jpg\"><img decoding=\"async\" width=\"1024\" height=\"444\" src=\"https:\/\/ermitaberriip.educacion.navarra.es\/web\/wp-content\/uploads\/2024\/04\/Reparto-fruta-2024-Ermitaberri-1024x444.jpg\" alt=\"\" class=\"wp-image-19342\" srcset=\"https:\/\/ermitaberriip.educacion.navarra.es\/web\/wp-content\/uploads\/2024\/04\/Reparto-fruta-2024-Ermitaberri-1024x444.jpg 1024w, https:\/\/ermitaberriip.educacion.navarra.es\/web\/wp-content\/uploads\/2024\/04\/Reparto-fruta-2024-Ermitaberri-300x130.jpg 300w, https:\/\/ermitaberriip.educacion.navarra.es\/web\/wp-content\/uploads\/2024\/04\/Reparto-fruta-2024-Ermitaberri-768x333.jpg 768w, https:\/\/ermitaberriip.educacion.navarra.es\/web\/wp-content\/uploads\/2024\/04\/Reparto-fruta-2024-Ermitaberri.jpg 1311w\" sizes=\"(max-width: 1024px) 100vw, 1024px\" \/><\/a><\/figure>\n","protected":false},"excerpt":{"rendered":"<p>Como en a\u00f1os anteriores, en Ermitaberri vamos a participar en la campa\u00f1a del Gobierno de Navarra de reparto de frutas y verduras en las escuelas. El programa promueve los h\u00e1bitos alimentarios saludables y est\u00e1 dirigido a todo el alumnado de Educaci\u00f3n Infantil.<\/p>\n<p>Esta campa\u00f1a comenzar\u00e1 el 8 de abril y tendr\u00e1 una duraci\u00f3n de 9 semanas, concretamente hasta el 7 de junio, a falta de dos semanas para la finalizaci\u00f3n del curso escolar. De este modo, durante las siguientes 9 semanas el Gobierno de Navarra repartir\u00e1 fruta y verdura de manera gratuita entre el alumnado de Educaci\u00f3n Infantil.<\/p>\n","protected":false},"author":1,"featured_media":8349,"comment_status":"open","ping_status":"open","sticky":false,"template":"","format":"standard","meta":{"_editorskit_title_hidden":false,"_editorskit_reading_time":1,"_editorskit_is_block_options_detached":false,"_editorskit_block_options_position":"{}","_genesis_hide_title":false,"_genesis_hide_breadcrumbs":false,"_genesis_hide_singular_image":false,"_genesis_hide_footer_widgets":false,"_genesis_custom_body_class":"","_genesis_custom_post_class":"","_genesis_layout":"","footnotes":""},"categories":[1,21,19],"tags":[],"_links":{"self":[{"href":"https:\/\/ermitaberriip.educacion.navarra.es\/web\/es\/wp-json\/wp\/v2\/posts\/19332"}],"collection":[{"href":"https:\/\/ermitaberriip.educacion.navarra.es\/web\/es\/wp-json\/wp\/v2\/posts"}],"about":[{"href":"https:\/\/ermitaberriip.educacion.navarra.es\/web\/es\/wp-json\/wp\/v2\/types\/post"}],"author":[{"embeddable":true,"href":"https:\/\/ermitaberriip.educacion.navarra.es\/web\/es\/wp-json\/wp\/v2\/users\/1"}],"replies":[{"embeddable":true,"href":"https:\/\/ermitaberriip.educacion.navarra.es\/web\/es\/wp-json\/wp\/v2\/comments?post=19332"}],"version-history":[{"count":7,"href":"https:\/\/ermitaberriip.educacion.navarra.es\/web\/es\/wp-json\/wp\/v2\/posts\/19332\/revisions"}],"predecessor-version":[{"id":19347,"href":"https:\/\/ermitaberriip.educacion.navarra.es\/web\/es\/wp-json\/wp\/v2\/posts\/19332\/revisions\/19347"}],"wp:featuredmedia":[{"embeddable":true,"href":"https:\/\/ermitaberriip.educacion.navarra.es\/web\/es\/wp-json\/wp\/v2\/media\/8349"}],"wp:attachment":[{"href":"https:\/\/ermitaberriip.educacion.navarra.es\/web\/es\/wp-json\/wp\/v2\/media?parent=19332"}],"wp:term":[{"taxonomy":"category","embeddable":true,"href":"https:\/\/ermitaberriip.educacion.navarra.es\/web\/es\/wp-json\/wp\/v2\/categories?post=19332"},{"taxonomy":"post_tag","embeddable":true,"href":"https:\/\/ermitaberriip.educacion.navarra.es\/web\/es\/wp-json\/wp\/v2\/tags?post=19332"}],"curies":[{"name":"wp","href":"https:\/\/api.w.org\/{rel}","templated":true}]}}