{"id":19374,"date":"2024-04-30T11:07:14","date_gmt":"2024-04-30T09:07:14","guid":{"rendered":"https:\/\/ermitaberriip.educacion.navarra.es\/web\/?p=19374"},"modified":"2024-06-04T12:58:09","modified_gmt":"2024-06-04T10:58:09","slug":"listado-definitivo-admision-2024-2025","status":"publish","type":"post","link":"https:\/\/ermitaberriip.educacion.navarra.es\/web\/es\/blog\/listado-definitivo-admision-2024-2025\/","title":{"rendered":"Listado definitivo admisi\u00f3n 3 a\u00f1os 2024\/2025"},"content":{"rendered":"\n<p><strong>Actualizado a 30\/04\/2024<\/strong><\/p>\n\n\n\n<figure class=\"wp-block-image size-full\"><img fetchpriority=\"high\" decoding=\"async\" width=\"1240\" height=\"1753\" src=\"https:\/\/ermitaberriip.educacion.navarra.es\/web\/wp-content\/uploads\/2024\/04\/Onartuen-behin-betiko-zerrenda-3-urte.jpg\" alt=\"\" class=\"wp-image-19377\" srcset=\"https:\/\/ermitaberriip.educacion.navarra.es\/web\/wp-content\/uploads\/2024\/04\/Onartuen-behin-betiko-zerrenda-3-urte.jpg 1240w, https:\/\/ermitaberriip.educacion.navarra.es\/web\/wp-content\/uploads\/2024\/04\/Onartuen-behin-betiko-zerrenda-3-urte-212x300.jpg 212w, https:\/\/ermitaberriip.educacion.navarra.es\/web\/wp-content\/uploads\/2024\/04\/Onartuen-behin-betiko-zerrenda-3-urte-724x1024.jpg 724w, https:\/\/ermitaberriip.educacion.navarra.es\/web\/wp-content\/uploads\/2024\/04\/Onartuen-behin-betiko-zerrenda-3-urte-768x1086.jpg 768w, https:\/\/ermitaberriip.educacion.navarra.es\/web\/wp-content\/uploads\/2024\/04\/Onartuen-behin-betiko-zerrenda-3-urte-1087x1536.jpg 1087w\" sizes=\"(max-width: 1240px) 100vw, 1240px\" \/><\/figure>\n\n\n\n<ul>\n<li>Todas las solicitudes de 3 a\u00f1os han sido admitidas (17 alumnos\/as).<\/li>\n<li>Publicaremos los listados provisionales de admisi\u00f3n para el resto de cursos el 4 de junio.<\/li>\n<li>Para el per\u00edodo de matriculaci\u00f3n (17-21 de junio) no pediremos documentaci\u00f3n adicional, ya que es un proceso que realizaremos de oficio.<\/li>\n<li>El d\u00eda 12 de junio a las 16:30h, tendremos una reuni\u00f3n presencial con todas las nuevas familias de 3 a\u00f1os para ofrecer informaci\u00f3n de cara al comienzo de curso en septiembre. Os enviaremos, no obstante, la convocatoria por E-mail unos d\u00edas antes y ah\u00ed concretaremos todo.<\/li>\n<\/ul>\n<p>Encontrar\u00e1s toda la informaci\u00f3n sobre el proceso de admisi\u00f3n en nuestro <a href=\"https:\/\/ermitaberriip.educacion.navarra.es\/web\/es\/proceso-admision-2025-2026-ermitaberri\/\" target=\"_blank\" rel=\"noopener\"><strong>Portal de Matriculaci\u00f3n<\/strong><\/a>.<\/p>\n\n\n\n<p>\u00a0<\/p>\n<p>\u00a0<\/p>\n","protected":false},"excerpt":{"rendered":"<p>Publicamos el listado definitivo de admisi\u00f3n de 1\u00ba de Educaci\u00f3n Infantil para el curso 2024\/2025.<\/p>\n","protected":false},"author":1,"featured_media":4412,"comment_status":"open","ping_status":"open","sticky":false,"template":"","format":"standard","meta":{"_editorskit_title_hidden":false,"_editorskit_reading_time":1,"_editorskit_is_block_options_detached":false,"_editorskit_block_options_position":"{}","_genesis_hide_title":false,"_genesis_hide_breadcrumbs":false,"_genesis_hide_singular_image":false,"_genesis_hide_footer_widgets":false,"_genesis_custom_body_class":"","_genesis_custom_post_class":"","_genesis_layout":"","footnotes":""},"categories":[18,1],"tags":[40],"_links":{"self":[{"href":"https:\/\/ermitaberriip.educacion.navarra.es\/web\/es\/wp-json\/wp\/v2\/posts\/19374"}],"collection":[{"href":"https:\/\/ermitaberriip.educacion.navarra.es\/web\/es\/wp-json\/wp\/v2\/posts"}],"about":[{"href":"https:\/\/ermitaberriip.educacion.navarra.es\/web\/es\/wp-json\/wp\/v2\/types\/post"}],"author":[{"embeddable":true,"href":"https:\/\/ermitaberriip.educacion.navarra.es\/web\/es\/wp-json\/wp\/v2\/users\/1"}],"replies":[{"embeddable":true,"href":"https:\/\/ermitaberriip.educacion.navarra.es\/web\/es\/wp-json\/wp\/v2\/comments?post=19374"}],"version-history":[{"count":8,"href":"https:\/\/ermitaberriip.educacion.navarra.es\/web\/es\/wp-json\/wp\/v2\/posts\/19374\/revisions"}],"predecessor-version":[{"id":20320,"href":"https:\/\/ermitaberriip.educacion.navarra.es\/web\/es\/wp-json\/wp\/v2\/posts\/19374\/revisions\/20320"}],"wp:featuredmedia":[{"embeddable":true,"href":"https:\/\/ermitaberriip.educacion.navarra.es\/web\/es\/wp-json\/wp\/v2\/media\/4412"}],"wp:attachment":[{"href":"https:\/\/ermitaberriip.educacion.navarra.es\/web\/es\/wp-json\/wp\/v2\/media?parent=19374"}],"wp:term":[{"taxonomy":"category","embeddable":true,"href":"https:\/\/ermitaberriip.educacion.navarra.es\/web\/es\/wp-json\/wp\/v2\/categories?post=19374"},{"taxonomy":"post_tag","embeddable":true,"href":"https:\/\/ermitaberriip.educacion.navarra.es\/web\/es\/wp-json\/wp\/v2\/tags?post=19374"}],"curies":[{"name":"wp","href":"https:\/\/api.w.org\/{rel}","templated":true}]}}