{"id":19447,"date":"2024-06-04T12:55:34","date_gmt":"2024-06-04T10:55:34","guid":{"rendered":"https:\/\/ermitaberriip.educacion.navarra.es\/web\/?p=19447"},"modified":"2024-06-04T12:55:35","modified_gmt":"2024-06-04T10:55:35","slug":"listado-provisional-admision-resto-cursos-2024-2025","status":"publish","type":"post","link":"https:\/\/ermitaberriip.educacion.navarra.es\/web\/es\/blog\/listado-provisional-admision-resto-cursos-2024-2025\/","title":{"rendered":"Listado provisional admisi\u00f3n resto cursos 2024\/2025"},"content":{"rendered":"\n<p><strong>Actualizado a 04\/06\/2024\n<\/strong><\/p>\n\n\n\n<figure class=\"wp-block-image size-full\"><img fetchpriority=\"high\" decoding=\"async\" width=\"1240\" height=\"1753\" src=\"https:\/\/ermitaberriip.educacion.navarra.es\/web\/wp-content\/uploads\/2024\/05\/Onartuen-behin-behineko-zerrenda-Beste-mailak.jpg\" alt=\"\" class=\"wp-image-19449\" srcset=\"https:\/\/ermitaberriip.educacion.navarra.es\/web\/wp-content\/uploads\/2024\/05\/Onartuen-behin-behineko-zerrenda-Beste-mailak.jpg 1240w, https:\/\/ermitaberriip.educacion.navarra.es\/web\/wp-content\/uploads\/2024\/05\/Onartuen-behin-behineko-zerrenda-Beste-mailak-212x300.jpg 212w, https:\/\/ermitaberriip.educacion.navarra.es\/web\/wp-content\/uploads\/2024\/05\/Onartuen-behin-behineko-zerrenda-Beste-mailak-724x1024.jpg 724w, https:\/\/ermitaberriip.educacion.navarra.es\/web\/wp-content\/uploads\/2024\/05\/Onartuen-behin-behineko-zerrenda-Beste-mailak-768x1086.jpg 768w, https:\/\/ermitaberriip.educacion.navarra.es\/web\/wp-content\/uploads\/2024\/05\/Onartuen-behin-behineko-zerrenda-Beste-mailak-1087x1536.jpg 1087w\" sizes=\"(max-width: 1240px) 100vw, 1240px\" \/><\/figure>\n\n\n\n<ul>\n \t<li>Publicaremos los listados definitivos de admisi\u00f3n el 14 de junio.<\/li>\n \t<li>Para el per\u00edodo de matriculaci\u00f3n (17-21 de junio) no pediremos documentaci\u00f3n adicional, ya que es un proceso que realizaremos de oficio.<\/li>\n<\/ul>\nEncontrar\u00e1s toda la informaci\u00f3n sobre el proceso de admisi\u00f3n en nuestro <a href=\"https:\/\/ermitaberriip.educacion.navarra.es\/web\/es\/proceso-admision-2025-2026-ermitaberri\/\" target=\"_blank\" rel=\"noopener\"><strong>Portal de Matriculaci\u00f3n<\/strong><\/a>.\n\n\n\n<p>\u00a0<\/p>\n<p>\u00a0<\/p>\n","protected":false},"excerpt":{"rendered":"<p>Publicamos el listado provisional de admisi\u00f3n del resto de cursos para el curso escolar 2024\/2025.<\/p>\n","protected":false},"author":1,"featured_media":4412,"comment_status":"open","ping_status":"open","sticky":false,"template":"","format":"standard","meta":{"_editorskit_title_hidden":false,"_editorskit_reading_time":1,"_editorskit_is_block_options_detached":false,"_editorskit_block_options_position":"{}","_genesis_hide_title":false,"_genesis_hide_breadcrumbs":false,"_genesis_hide_singular_image":false,"_genesis_hide_footer_widgets":false,"_genesis_custom_body_class":"","_genesis_custom_post_class":"","_genesis_layout":"","footnotes":""},"categories":[18,1],"tags":[40],"_links":{"self":[{"href":"https:\/\/ermitaberriip.educacion.navarra.es\/web\/es\/wp-json\/wp\/v2\/posts\/19447"}],"collection":[{"href":"https:\/\/ermitaberriip.educacion.navarra.es\/web\/es\/wp-json\/wp\/v2\/posts"}],"about":[{"href":"https:\/\/ermitaberriip.educacion.navarra.es\/web\/es\/wp-json\/wp\/v2\/types\/post"}],"author":[{"embeddable":true,"href":"https:\/\/ermitaberriip.educacion.navarra.es\/web\/es\/wp-json\/wp\/v2\/users\/1"}],"replies":[{"embeddable":true,"href":"https:\/\/ermitaberriip.educacion.navarra.es\/web\/es\/wp-json\/wp\/v2\/comments?post=19447"}],"version-history":[{"count":4,"href":"https:\/\/ermitaberriip.educacion.navarra.es\/web\/es\/wp-json\/wp\/v2\/posts\/19447\/revisions"}],"predecessor-version":[{"id":19459,"href":"https:\/\/ermitaberriip.educacion.navarra.es\/web\/es\/wp-json\/wp\/v2\/posts\/19447\/revisions\/19459"}],"wp:featuredmedia":[{"embeddable":true,"href":"https:\/\/ermitaberriip.educacion.navarra.es\/web\/es\/wp-json\/wp\/v2\/media\/4412"}],"wp:attachment":[{"href":"https:\/\/ermitaberriip.educacion.navarra.es\/web\/es\/wp-json\/wp\/v2\/media?parent=19447"}],"wp:term":[{"taxonomy":"category","embeddable":true,"href":"https:\/\/ermitaberriip.educacion.navarra.es\/web\/es\/wp-json\/wp\/v2\/categories?post=19447"},{"taxonomy":"post_tag","embeddable":true,"href":"https:\/\/ermitaberriip.educacion.navarra.es\/web\/es\/wp-json\/wp\/v2\/tags?post=19447"}],"curies":[{"name":"wp","href":"https:\/\/api.w.org\/{rel}","templated":true}]}}