{"id":19790,"date":"2025-01-29T12:24:51","date_gmt":"2025-01-29T11:24:51","guid":{"rendered":"https:\/\/ermitaberriip.educacion.navarra.es\/web\/?p=19790"},"modified":"2025-01-29T12:32:00","modified_gmt":"2025-01-29T11:32:00","slug":"jornada-de-puertas-abiertas-2025","status":"publish","type":"post","link":"https:\/\/ermitaberriip.educacion.navarra.es\/web\/es\/blog\/jornada-de-puertas-abiertas-2025\/","title":{"rendered":"Jornada de Puertas Abiertas 2025"},"content":{"rendered":"\t\t<div data-elementor-type=\"wp-post\" data-elementor-id=\"19790\" class=\"elementor elementor-19790 elementor-19789\" data-elementor-post-type=\"post\">\n\t\t\t\t\t\t\t\t\t<section class=\"elementor-section elementor-top-section elementor-element elementor-element-68c7832 elementor-section-boxed elementor-section-height-default elementor-section-height-default\" data-id=\"68c7832\" data-element_type=\"section\">\n\t\t\t\t\t\t<div class=\"elementor-container elementor-column-gap-default\">\n\t\t\t\t\t<div class=\"elementor-column elementor-col-100 elementor-top-column elementor-element elementor-element-df24163\" data-id=\"df24163\" data-element_type=\"column\">\n\t\t\t<div class=\"elementor-widget-wrap elementor-element-populated\">\n\t\t\t\t\t\t\t\t<div class=\"elementor-element elementor-element-603dbec elementor-widget elementor-widget-image\" data-id=\"603dbec\" data-element_type=\"widget\" data-widget_type=\"image.default\">\n\t\t\t\t<div class=\"elementor-widget-container\">\n\t\t\t\t\t\t\t\t\t\t\t\t\t\t\t<img fetchpriority=\"high\" decoding=\"async\" width=\"1753\" height=\"955\" src=\"https:\/\/ermitaberriip.educacion.navarra.es\/web\/wp-content\/uploads\/2025\/01\/cartel-puertas-abiertas_compressed_page-0001-1-e1768301019799.jpg\" class=\"attachment-full size-full wp-image-19793\" alt=\"\" srcset=\"https:\/\/ermitaberriip.educacion.navarra.es\/web\/wp-content\/uploads\/2025\/01\/cartel-puertas-abiertas_compressed_page-0001-1-e1768301019799.jpg 1753w, https:\/\/ermitaberriip.educacion.navarra.es\/web\/wp-content\/uploads\/2025\/01\/cartel-puertas-abiertas_compressed_page-0001-1-e1768301019799-300x163.jpg 300w, https:\/\/ermitaberriip.educacion.navarra.es\/web\/wp-content\/uploads\/2025\/01\/cartel-puertas-abiertas_compressed_page-0001-1-e1768301019799-1024x558.jpg 1024w, https:\/\/ermitaberriip.educacion.navarra.es\/web\/wp-content\/uploads\/2025\/01\/cartel-puertas-abiertas_compressed_page-0001-1-e1768301019799-768x418.jpg 768w, https:\/\/ermitaberriip.educacion.navarra.es\/web\/wp-content\/uploads\/2025\/01\/cartel-puertas-abiertas_compressed_page-0001-1-e1768301019799-1536x837.jpg 1536w\" sizes=\"(max-width: 1753px) 100vw, 1753px\" \/>\t\t\t\t\t\t\t\t\t\t\t\t\t\t\t<\/div>\n\t\t\t\t<\/div>\n\t\t\t\t\t<\/div>\n\t\t<\/div>\n\t\t\t\t\t\t\t<\/div>\n\t\t<\/section>\n\t\t\t\t<section class=\"elementor-section elementor-top-section elementor-element elementor-element-59eed4c9 elementor-section-boxed elementor-section-height-default elementor-section-height-default\" data-id=\"59eed4c9\" data-element_type=\"section\">\n\t\t\t\t\t\t<div class=\"elementor-container elementor-column-gap-default\">\n\t\t\t\t\t<div class=\"elementor-column elementor-col-100 elementor-top-column elementor-element elementor-element-1a1ff1be\" data-id=\"1a1ff1be\" data-element_type=\"column\">\n\t\t\t<div class=\"elementor-widget-wrap elementor-element-populated\">\n\t\t\t\t\t\t\t\t<div class=\"elementor-element elementor-element-3df49ecb elementor-widget elementor-widget-text-editor\" data-id=\"3df49ecb\" data-element_type=\"widget\" data-widget_type=\"text-editor.default\">\n\t\t\t\t<div class=\"elementor-widget-container\">\n\t\t\t\t\t\t\t<p>Si quieres conocer el proyecto educativo de Ermitaberri y resolver cualquier duda acerca de la escolarizaci\u00f3n de tu hijo\/a, adem\u00e1s de conocer nuestras instalaciones, te invitamos a la charla que realizaremos el <strong>12 de febrero de 2025, a las 16:30<\/strong>\u00a0horas en el aula de 3 a\u00f1os. La reuni\u00f3n tendr\u00e1 una duraci\u00f3n aproximada de una hora y contaremos con servicio de guarder\u00eda.<\/p>\n<p>El programa para el d\u00eda 12 de febrero ser\u00e1 el siguiente:<\/p>\n<p><strong>16:30 \u00a0 Saludo y bienvenida \/ Presentaci\u00f3n<\/strong><\/p>\n<p><strong>16:35 \u00a0 Charla<\/strong><\/p>\n<ul>\n<li>Presentaci\u00f3n de nuestro programa educativo<\/li>\n<\/ul>\n<p><strong>17:30 \u00a0 Tour por el colegio para conocer las instalaciones<\/strong><\/p>\n<p><em>Participantes<\/em>: profesores\/as de Educaci\u00f3n Infantil, Director, Orientadora, Director de Askatasuna, representante de la Apyma.<\/p>\n<p><strong>Contaremos con servicio de guarder\u00eda<\/strong>.<\/p>\n<p>Recuerda que tambi\u00e9n podr\u00e1s realizar una\u00a0<strong>visita individualizada<\/strong>. Para coger cita, puedes llamar al\u00a0<strong>948 136 668\u00a0<\/strong>o\u00a0<a href=\"https:\/\/ermitaberriip.educacion.navarra.es\/web\/es\/contacto\/\" target=\"_blank\" rel=\"noreferrer noopener\">contactar con nosotros\/as<\/a>\u00a0y enviar un correo.<\/p>\n<p>Para ampliar la informaci\u00f3n sobre el Proceso de Admisi\u00f3n 2025\/2026, puedes clicar sobre nuestro <strong><a href=\"https:\/\/ermitaberriip.educacion.navarra.es\/web\/es\/proceso-admision-2024-2025-ermitaberri\/\" target=\"_blank\" rel=\"noopener\">Portal de Matriculaci\u00f3n<\/a><\/strong>.<\/p>\n<p>.<\/p>\t\t\t\t\t\t<\/div>\n\t\t\t\t<\/div>\n\t\t\t\t\t<\/div>\n\t\t<\/div>\n\t\t\t\t\t\t\t<\/div>\n\t\t<\/section>\n\t\t\t\t\t\t\t<\/div>\n\t\t","protected":false},"excerpt":{"rendered":"<p>Si quieres conocer el proyecto educativo de Ermitaberri y resolver cualquier duda acerca de la escolarizaci\u00f3n de tu hijo\/a, adem\u00e1s de conocer nuestras instalaciones, te invitamos a la mesa redonda que realizaremos el 12 de febrero de 2025, a las 16:30 horas en el aula de 3 a\u00f1os de Ermitaberri. La reuni\u00f3n tendr\u00e1 una duraci\u00f3n aproximada de una hora, y tendremos servicio de guarder\u00eda.<\/p>\n","protected":false},"author":1,"featured_media":19776,"comment_status":"open","ping_status":"open","sticky":false,"template":"","format":"standard","meta":{"_editorskit_title_hidden":false,"_editorskit_reading_time":1,"_editorskit_is_block_options_detached":false,"_editorskit_block_options_position":"{}","_genesis_hide_title":false,"_genesis_hide_breadcrumbs":false,"_genesis_hide_singular_image":false,"_genesis_hide_footer_widgets":false,"_genesis_custom_body_class":"","_genesis_custom_post_class":"","_genesis_layout":"","footnotes":""},"categories":[18,1],"tags":[40],"_links":{"self":[{"href":"https:\/\/ermitaberriip.educacion.navarra.es\/web\/es\/wp-json\/wp\/v2\/posts\/19790"}],"collection":[{"href":"https:\/\/ermitaberriip.educacion.navarra.es\/web\/es\/wp-json\/wp\/v2\/posts"}],"about":[{"href":"https:\/\/ermitaberriip.educacion.navarra.es\/web\/es\/wp-json\/wp\/v2\/types\/post"}],"author":[{"embeddable":true,"href":"https:\/\/ermitaberriip.educacion.navarra.es\/web\/es\/wp-json\/wp\/v2\/users\/1"}],"replies":[{"embeddable":true,"href":"https:\/\/ermitaberriip.educacion.navarra.es\/web\/es\/wp-json\/wp\/v2\/comments?post=19790"}],"version-history":[{"count":4,"href":"https:\/\/ermitaberriip.educacion.navarra.es\/web\/es\/wp-json\/wp\/v2\/posts\/19790\/revisions"}],"predecessor-version":[{"id":19798,"href":"https:\/\/ermitaberriip.educacion.navarra.es\/web\/es\/wp-json\/wp\/v2\/posts\/19790\/revisions\/19798"}],"wp:featuredmedia":[{"embeddable":true,"href":"https:\/\/ermitaberriip.educacion.navarra.es\/web\/es\/wp-json\/wp\/v2\/media\/19776"}],"wp:attachment":[{"href":"https:\/\/ermitaberriip.educacion.navarra.es\/web\/es\/wp-json\/wp\/v2\/media?parent=19790"}],"wp:term":[{"taxonomy":"category","embeddable":true,"href":"https:\/\/ermitaberriip.educacion.navarra.es\/web\/es\/wp-json\/wp\/v2\/categories?post=19790"},{"taxonomy":"post_tag","embeddable":true,"href":"https:\/\/ermitaberriip.educacion.navarra.es\/web\/es\/wp-json\/wp\/v2\/tags?post=19790"}],"curies":[{"name":"wp","href":"https:\/\/api.w.org\/{rel}","templated":true}]}}