{"id":2124,"date":"2017-06-19T17:15:13","date_gmt":"2017-06-19T15:15:13","guid":{"rendered":"https:\/\/ermitaberriip.educacion.navarra.es\/web\/?p=2124"},"modified":"2018-05-10T11:02:11","modified_gmt":"2018-05-10T09:02:11","slug":"txapeloaz","status":"publish","type":"post","link":"https:\/\/ermitaberriip.educacion.navarra.es\/web\/es\/blog\/txapeloaz\/","title":{"rendered":"Txapeloaz"},"content":{"rendered":"<p>La tercera y \u00faltima danza tiene un origen ingl\u00e9s. Parece ser que a finales del XIX se extendi\u00f3 por Estados Unidos y tras algunas peque\u00f1as modificaciones, en los a\u00f1os 90 lleg\u00f3 a Euskal Herria donde se ha hecho tremendamente popular. El a\u00f1o pasado finalizamos nuestro concierto de fin de curso con esta danza, adem\u00e1s de emplearla por primera vez en nuestro videoclip de 2016. Este a\u00f1o, ya a modo de tradici\u00f3n, la utilizaremos para completar nuestro proyecto de Danzas del Mundo.<\/p>\n<p><iframe width=\"500\" height=\"281\" src=\"https:\/\/www.youtube.com\/embed\/nbtaGFgfZDM?feature=oembed\" frameborder=\"0\" allow=\"autoplay; encrypted-media\" allowfullscreen><\/iframe><\/p>\n","protected":false},"excerpt":{"rendered":"<p>La tercera y \u00faltima danza tiene un origen ingl\u00e9s. Parece ser que a finales del XIX se extendi\u00f3 por Estados Unidos y tras algunas peque\u00f1as modificaciones, en los a\u00f1os 90 lleg\u00f3 a Euskal Herria donde se ha hecho tremendamente popular. El a\u00f1o pasado finalizamos nuestro concierto de fin de curso con esta danza, adem\u00e1s de [&hellip;]<\/p>\n","protected":false},"author":1,"featured_media":4644,"comment_status":"open","ping_status":"open","sticky":false,"template":"","format":"standard","meta":{"_editorskit_title_hidden":false,"_editorskit_reading_time":0,"_editorskit_is_block_options_detached":false,"_editorskit_block_options_position":"{}","_genesis_hide_title":false,"_genesis_hide_breadcrumbs":false,"_genesis_hide_singular_image":false,"_genesis_hide_footer_widgets":false,"_genesis_custom_body_class":"","_genesis_custom_post_class":"","_genesis_layout":"","footnotes":""},"categories":[34,1],"tags":[48],"_links":{"self":[{"href":"https:\/\/ermitaberriip.educacion.navarra.es\/web\/es\/wp-json\/wp\/v2\/posts\/2124"}],"collection":[{"href":"https:\/\/ermitaberriip.educacion.navarra.es\/web\/es\/wp-json\/wp\/v2\/posts"}],"about":[{"href":"https:\/\/ermitaberriip.educacion.navarra.es\/web\/es\/wp-json\/wp\/v2\/types\/post"}],"author":[{"embeddable":true,"href":"https:\/\/ermitaberriip.educacion.navarra.es\/web\/es\/wp-json\/wp\/v2\/users\/1"}],"replies":[{"embeddable":true,"href":"https:\/\/ermitaberriip.educacion.navarra.es\/web\/es\/wp-json\/wp\/v2\/comments?post=2124"}],"version-history":[{"count":1,"href":"https:\/\/ermitaberriip.educacion.navarra.es\/web\/es\/wp-json\/wp\/v2\/posts\/2124\/revisions"}],"predecessor-version":[{"id":2125,"href":"https:\/\/ermitaberriip.educacion.navarra.es\/web\/es\/wp-json\/wp\/v2\/posts\/2124\/revisions\/2125"}],"wp:featuredmedia":[{"embeddable":true,"href":"https:\/\/ermitaberriip.educacion.navarra.es\/web\/es\/wp-json\/wp\/v2\/media\/4644"}],"wp:attachment":[{"href":"https:\/\/ermitaberriip.educacion.navarra.es\/web\/es\/wp-json\/wp\/v2\/media?parent=2124"}],"wp:term":[{"taxonomy":"category","embeddable":true,"href":"https:\/\/ermitaberriip.educacion.navarra.es\/web\/es\/wp-json\/wp\/v2\/categories?post=2124"},{"taxonomy":"post_tag","embeddable":true,"href":"https:\/\/ermitaberriip.educacion.navarra.es\/web\/es\/wp-json\/wp\/v2\/tags?post=2124"}],"curies":[{"name":"wp","href":"https:\/\/api.w.org\/{rel}","templated":true}]}}