{"id":3194,"date":"2018-04-24T20:42:52","date_gmt":"2018-04-24T18:42:52","guid":{"rendered":"https:\/\/ermitaberriip.educacion.navarra.es\/web\/?p=3194"},"modified":"2021-03-01T12:48:21","modified_gmt":"2021-03-01T11:48:21","slug":"proyecto-de-fomento-del-ingles","status":"publish","type":"post","link":"https:\/\/ermitaberriip.educacion.navarra.es\/web\/es\/blog\/proyecto-de-fomento-del-ingles\/","title":{"rendered":"Proyecto de fomento del ingl\u00e9s"},"content":{"rendered":"\n<figure class=\"wp-block-gallery columns-3 is-cropped wp-block-gallery-1 is-layout-flex wp-block-gallery-is-layout-flex\"><ul class=\"blocks-gallery-grid\"><li class=\"blocks-gallery-item\"><figure><a href=\"https:\/\/ermitaberriip.educacion.navarra.es\/web\/wp-content\/uploads\/2018\/04\/foto-1.jpg\"><img fetchpriority=\"high\" decoding=\"async\" width=\"300\" height=\"200\" src=\"https:\/\/ermitaberriip.educacion.navarra.es\/web\/wp-content\/uploads\/2018\/04\/foto-1-300x200.jpg\" alt=\"\" data-id=\"13809\" data-full-url=\"https:\/\/ermitaberriip.educacion.navarra.es\/web\/wp-content\/uploads\/2018\/04\/foto-1.jpg\" data-link=\"https:\/\/ermitaberriip.educacion.navarra.es\/web\/es\/blog\/proyecto-de-fomento-del-ingles\/foto-1-2\/\" class=\"wp-image-13809\" srcset=\"https:\/\/ermitaberriip.educacion.navarra.es\/web\/wp-content\/uploads\/2018\/04\/foto-1-300x200.jpg 300w, https:\/\/ermitaberriip.educacion.navarra.es\/web\/wp-content\/uploads\/2018\/04\/foto-1-1024x683.jpg 1024w, https:\/\/ermitaberriip.educacion.navarra.es\/web\/wp-content\/uploads\/2018\/04\/foto-1-768x512.jpg 768w, https:\/\/ermitaberriip.educacion.navarra.es\/web\/wp-content\/uploads\/2018\/04\/foto-1-1536x1024.jpg 1536w, https:\/\/ermitaberriip.educacion.navarra.es\/web\/wp-content\/uploads\/2018\/04\/foto-1.jpg 2040w\" sizes=\"(max-width: 300px) 100vw, 300px\" \/><\/a><\/figure><\/li><li class=\"blocks-gallery-item\"><figure><a href=\"https:\/\/ermitaberriip.educacion.navarra.es\/web\/wp-content\/uploads\/2021\/03\/Ingelesa-2-LH-.jpg\"><img decoding=\"async\" width=\"300\" height=\"169\" src=\"https:\/\/ermitaberriip.educacion.navarra.es\/web\/wp-content\/uploads\/2021\/03\/Ingelesa-2-LH--300x169.jpg\" alt=\"\" data-id=\"13818\" data-full-url=\"https:\/\/ermitaberriip.educacion.navarra.es\/web\/wp-content\/uploads\/2021\/03\/Ingelesa-2-LH-.jpg\" data-link=\"https:\/\/ermitaberriip.educacion.navarra.es\/web\/es\/blog\/proyecto-de-fomento-del-ingles\/ingelesa-2-lh-2\/\" class=\"wp-image-13818\" srcset=\"https:\/\/ermitaberriip.educacion.navarra.es\/web\/wp-content\/uploads\/2021\/03\/Ingelesa-2-LH--300x169.jpg 300w, https:\/\/ermitaberriip.educacion.navarra.es\/web\/wp-content\/uploads\/2021\/03\/Ingelesa-2-LH--1024x576.jpg 1024w, https:\/\/ermitaberriip.educacion.navarra.es\/web\/wp-content\/uploads\/2021\/03\/Ingelesa-2-LH--768x432.jpg 768w, https:\/\/ermitaberriip.educacion.navarra.es\/web\/wp-content\/uploads\/2021\/03\/Ingelesa-2-LH--1536x864.jpg 1536w, https:\/\/ermitaberriip.educacion.navarra.es\/web\/wp-content\/uploads\/2021\/03\/Ingelesa-2-LH-.jpg 1920w\" sizes=\"(max-width: 300px) 100vw, 300px\" \/><\/a><\/figure><\/li><li class=\"blocks-gallery-item\"><figure><a href=\"https:\/\/ermitaberriip.educacion.navarra.es\/web\/wp-content\/uploads\/2021\/03\/foto-2.jpg\"><img decoding=\"async\" width=\"300\" height=\"200\" src=\"https:\/\/ermitaberriip.educacion.navarra.es\/web\/wp-content\/uploads\/2021\/03\/foto-2-300x200.jpg\" alt=\"\" data-id=\"13816\" data-full-url=\"https:\/\/ermitaberriip.educacion.navarra.es\/web\/wp-content\/uploads\/2021\/03\/foto-2.jpg\" data-link=\"https:\/\/ermitaberriip.educacion.navarra.es\/web\/es\/blog\/proyecto-de-fomento-del-ingles\/foto-2-2\/\" class=\"wp-image-13816\" srcset=\"https:\/\/ermitaberriip.educacion.navarra.es\/web\/wp-content\/uploads\/2021\/03\/foto-2-300x200.jpg 300w, https:\/\/ermitaberriip.educacion.navarra.es\/web\/wp-content\/uploads\/2021\/03\/foto-2-1024x683.jpg 1024w, https:\/\/ermitaberriip.educacion.navarra.es\/web\/wp-content\/uploads\/2021\/03\/foto-2-768x512.jpg 768w, https:\/\/ermitaberriip.educacion.navarra.es\/web\/wp-content\/uploads\/2021\/03\/foto-2.jpg 1474w\" sizes=\"(max-width: 300px) 100vw, 300px\" \/><\/a><\/figure><\/li><\/ul><\/figure>\n\n\n<p>En Ermitaberri, nuestra filosof\u00eda de aprendizaje del ingl\u00e9s se basa en la manera natural en que un ser humano adquiere su propio idioma. As\u00ed, nuestros ni\u00f1os y ni\u00f1as empiezan a hablar a trav\u00e9s de la repetici\u00f3n y escucha activa para lo cual usamos canciones, cuentos, marionetas y, en definitiva, todo lo que la metodolog\u00eda Artigal nos brinda en Educaci\u00f3n Infantil en el ciclo 3-5 a\u00f1os. En Educaci\u00f3n Infantil impartimos 4 sesiones semanales.<\/p>\n<p>En una segunda fase del aprendizaje, una vez interiorizado el idioma, pasamos a Educaci\u00f3n Primaria donde aumentamos a 5 sesiones semanales. En esta etapa, trabajamos en la consecuci\u00f3n de habilidades ling\u00fc\u00edsticas de forma integrada, es decir, la expresi\u00f3n y compresi\u00f3n tanto escrita como oral. Utilizando el lenguaje comunicativo, y con el m\u00e9todo elegido en Primaria alcanzamos el objetivo te\u00f3rico-metodol\u00f3gico propuesto para el aprendizaje del idioma ingl\u00e9s. El m\u00e9todo y editorial elegido es el mismo desde primero hasta 6\u00ba de Primaria.<\/p>\n<p>En Ermitaberri incidimos en que el alumnado aprenda divirti\u00e9ndose. Aportamos un contenido l\u00fadico a cada unidad con el juego, las canciones y el trabajo cooperativo como principales herramientas, haciendo uso de las nuevas tecnolog\u00edas para introducir en la clase el dinamismo necesario y esencial en el aprendizaje de un idioma.<\/p>\n<p>Con el fin de ayudar a todo esto, tambi\u00e9n participamos en las siguientes actividades:<\/p>\n<ul style=\"list-style-type: disc;\">\n<li>Todos los a\u00f1os acudimos a ver un teatro en ingl\u00e9s ofrecido por <a href=\"http:\/\/forumteatro.com\/\" target=\"_blank\" rel=\"noopener\"><em>Forum Theatre and Educacion Company<\/em><\/a>. Con \u00e9sta actividad se pretende trabajar la comprensi\u00f3n auditiva desde un punto de vista l\u00fadico, aumentando la motivaci\u00f3n del alumnado. La actividad est\u00e1 dirigida a todo el alumnado entre 3\u00ba y 6\u00ba de Primaria.<\/li>\n<li>Participamos con los alumnos y alumnas de 5\u00ba de Primaria en el programa de inmersi\u00f3n ling\u00fc\u00edstica <a href=\"https:\/\/ermitaberriip.educacion.navarra.es\/web\/es\/blog\/english-week\/\">English Week<\/a>.<\/li>\n<\/ul>","protected":false},"excerpt":{"rendered":"<p>En Ermitaberri, nuestra filosof\u00eda de aprendizaje del ingl\u00e9s se basa en la manera natural en que un ser humano adquiere su propio idioma. As\u00ed, nuestros ni\u00f1os y ni\u00f1as empiezan a hablar a trav\u00e9s de la repetici\u00f3n y escucha activa.<\/p>\n","protected":false},"author":1,"featured_media":13809,"comment_status":"open","ping_status":"open","sticky":false,"template":"","format":"standard","meta":{"_editorskit_title_hidden":false,"_editorskit_reading_time":0,"_editorskit_is_block_options_detached":false,"_editorskit_block_options_position":"{}","_genesis_hide_title":false,"_genesis_hide_breadcrumbs":false,"_genesis_hide_singular_image":false,"_genesis_hide_footer_widgets":false,"_genesis_custom_body_class":"","_genesis_custom_post_class":"","_genesis_layout":"","footnotes":""},"categories":[1,53,19],"tags":[],"_links":{"self":[{"href":"https:\/\/ermitaberriip.educacion.navarra.es\/web\/es\/wp-json\/wp\/v2\/posts\/3194"}],"collection":[{"href":"https:\/\/ermitaberriip.educacion.navarra.es\/web\/es\/wp-json\/wp\/v2\/posts"}],"about":[{"href":"https:\/\/ermitaberriip.educacion.navarra.es\/web\/es\/wp-json\/wp\/v2\/types\/post"}],"author":[{"embeddable":true,"href":"https:\/\/ermitaberriip.educacion.navarra.es\/web\/es\/wp-json\/wp\/v2\/users\/1"}],"replies":[{"embeddable":true,"href":"https:\/\/ermitaberriip.educacion.navarra.es\/web\/es\/wp-json\/wp\/v2\/comments?post=3194"}],"version-history":[{"count":8,"href":"https:\/\/ermitaberriip.educacion.navarra.es\/web\/es\/wp-json\/wp\/v2\/posts\/3194\/revisions"}],"predecessor-version":[{"id":13823,"href":"https:\/\/ermitaberriip.educacion.navarra.es\/web\/es\/wp-json\/wp\/v2\/posts\/3194\/revisions\/13823"}],"wp:featuredmedia":[{"embeddable":true,"href":"https:\/\/ermitaberriip.educacion.navarra.es\/web\/es\/wp-json\/wp\/v2\/media\/13809"}],"wp:attachment":[{"href":"https:\/\/ermitaberriip.educacion.navarra.es\/web\/es\/wp-json\/wp\/v2\/media?parent=3194"}],"wp:term":[{"taxonomy":"category","embeddable":true,"href":"https:\/\/ermitaberriip.educacion.navarra.es\/web\/es\/wp-json\/wp\/v2\/categories?post=3194"},{"taxonomy":"post_tag","embeddable":true,"href":"https:\/\/ermitaberriip.educacion.navarra.es\/web\/es\/wp-json\/wp\/v2\/tags?post=3194"}],"curies":[{"name":"wp","href":"https:\/\/api.w.org\/{rel}","templated":true}]}}