{"id":3900,"date":"2018-05-06T09:58:44","date_gmt":"2018-05-06T07:58:44","guid":{"rendered":"https:\/\/ermitaberriip.educacion.navarra.es\/web\/?p=3900"},"modified":"2018-05-10T10:30:14","modified_gmt":"2018-05-10T08:30:14","slug":"4a-sesion-skolae","status":"publish","type":"post","link":"https:\/\/ermitaberriip.educacion.navarra.es\/web\/es\/blog\/4a-sesion-skolae\/","title":{"rendered":"4\u00aa sesi\u00f3n Skolae"},"content":{"rendered":"<p>Tras las anteriores sesiones en las que se dio a conocer a las familias el programa SKOLAE, una experiencia promovida por el Departamento de Educaci\u00f3n para integrar la igualdad en los centros educativos, deseamos invitaros a una cuarta y \u00faltima sesi\u00f3n en la que reflexionaremos en torno al\u00a0 4\u00ba aprendizaje en los que se basa dicho programa.<\/p>\n<h2><strong>PROGRAMA:<\/strong><\/h2>\n<p>&nbsp;<\/p>\n<h3 style=\"text-align: center;\"><strong>EDUCAR EN IGUALDAD EN CASA (IV)<\/strong><\/h3>\n<ul style=\"list-style-type: disc;\">\n<li>La conciencia de la desigualdad y la capacidad para el cambio.<\/li>\n<li>La autonom\u00eda personal y la independencia.<\/li>\n<li>El empoderamiento personal y grupal, el liderazgo y la participaci\u00f3n social.<\/li>\n<li><strong>La sexualidad y la prevenci\u00f3n de la violencia.<\/strong><\/li>\n<\/ul>\n<h3 style=\"text-align: center;\"><strong>Y para esto, \u00bfqu\u00e9 necesitamos saber?<\/strong><\/h3>\n<p><strong>PONENTE<\/strong>:<\/p>\n<ul style=\"list-style-type: disc;\">\n<li>Asun Rold\u00e1n Arr\u00f3niz, Profesional del Instituto de Salud P\u00fablica y Laboral de Navarra (ISPLN).<\/li>\n<\/ul>\n<p><strong>LUGAR<\/strong>: Civivox Milagrosa\u00a0\u00a0\u00a0\u00a0 C\/ Tajonar, s\/n, Escuelas Jose Vila, 31006 Pamplona<\/p>\n<p><strong>FECHA<\/strong>: 10 de mayo de 2018<\/p>\n<p><strong>HORA<\/strong>: 17:30\u00a0 \u2013 19:30<\/p>\n<p><strong>INSCRIPCI\u00d3N GRATUITA A TRAV\u00c9S DE ESTE ENLACE<\/strong>:\u00a0 <a href=\"https:\/\/goo.gl\/forms\/bMbyps73Mc73cuXf2\" target=\"_blank\" rel=\"noopener\">https:\/\/goo.gl\/forms\/bMbyps73Mc73cuXf2<\/a><\/p>\n","protected":false},"excerpt":{"rendered":"<p>Tras las anteriores sesiones en las que se dio a conocer a las familias el programa SKOLAE, una experiencia promovida por el Departamento de Educaci\u00f3n para integrar la igualdad en los centros educativos, deseamos invitaros a una cuarta y \u00faltima sesi\u00f3n en la que reflexionaremos en torno al\u00a0 4\u00ba aprendizaje en los que se basa [&hellip;]<\/p>\n","protected":false},"author":1,"featured_media":4663,"comment_status":"open","ping_status":"open","sticky":false,"template":"","format":"standard","meta":{"_editorskit_title_hidden":false,"_editorskit_reading_time":0,"_editorskit_is_block_options_detached":false,"_editorskit_block_options_position":"{}","_genesis_hide_title":false,"_genesis_hide_breadcrumbs":false,"_genesis_hide_singular_image":false,"_genesis_hide_footer_widgets":false,"_genesis_custom_body_class":"","_genesis_custom_post_class":"","_genesis_layout":"","footnotes":""},"categories":[1,23,19],"tags":[59],"_links":{"self":[{"href":"https:\/\/ermitaberriip.educacion.navarra.es\/web\/es\/wp-json\/wp\/v2\/posts\/3900"}],"collection":[{"href":"https:\/\/ermitaberriip.educacion.navarra.es\/web\/es\/wp-json\/wp\/v2\/posts"}],"about":[{"href":"https:\/\/ermitaberriip.educacion.navarra.es\/web\/es\/wp-json\/wp\/v2\/types\/post"}],"author":[{"embeddable":true,"href":"https:\/\/ermitaberriip.educacion.navarra.es\/web\/es\/wp-json\/wp\/v2\/users\/1"}],"replies":[{"embeddable":true,"href":"https:\/\/ermitaberriip.educacion.navarra.es\/web\/es\/wp-json\/wp\/v2\/comments?post=3900"}],"version-history":[{"count":3,"href":"https:\/\/ermitaberriip.educacion.navarra.es\/web\/es\/wp-json\/wp\/v2\/posts\/3900\/revisions"}],"predecessor-version":[{"id":3914,"href":"https:\/\/ermitaberriip.educacion.navarra.es\/web\/es\/wp-json\/wp\/v2\/posts\/3900\/revisions\/3914"}],"wp:featuredmedia":[{"embeddable":true,"href":"https:\/\/ermitaberriip.educacion.navarra.es\/web\/es\/wp-json\/wp\/v2\/media\/4663"}],"wp:attachment":[{"href":"https:\/\/ermitaberriip.educacion.navarra.es\/web\/es\/wp-json\/wp\/v2\/media?parent=3900"}],"wp:term":[{"taxonomy":"category","embeddable":true,"href":"https:\/\/ermitaberriip.educacion.navarra.es\/web\/es\/wp-json\/wp\/v2\/categories?post=3900"},{"taxonomy":"post_tag","embeddable":true,"href":"https:\/\/ermitaberriip.educacion.navarra.es\/web\/es\/wp-json\/wp\/v2\/tags?post=3900"}],"curies":[{"name":"wp","href":"https:\/\/api.w.org\/{rel}","templated":true}]}}