{"id":4320,"date":"2017-02-02T14:52:12","date_gmt":"2017-02-02T13:52:12","guid":{"rendered":"https:\/\/ermitaberriip.educacion.navarra.es\/web\/?p=4320"},"modified":"2019-10-23T13:13:10","modified_gmt":"2019-10-23T11:13:10","slug":"horario-tarde-3-anos","status":"publish","type":"post","link":"https:\/\/ermitaberriip.educacion.navarra.es\/web\/es\/blog\/horario-tarde-3-anos\/","title":{"rendered":"Horario de tarde en 3 a\u00f1os"},"content":{"rendered":"<p><a href=\"https:\/\/ermitaberriip.educacion.navarra.es\/web\/wp-content\/uploads\/2018\/05\/Jardunaldi-Jarraia-Arratsaldeko-aukerako-zerbitzua-3-urte-Erdaraz.jpg\"><img fetchpriority=\"high\" decoding=\"async\" class=\"alignleft wp-image-4315\" src=\"https:\/\/ermitaberriip.educacion.navarra.es\/web\/wp-content\/uploads\/2018\/05\/Jardunaldi-Jarraia-Arratsaldeko-aukerako-zerbitzua-3-urte-Erdaraz.jpg\" alt=\"\" width=\"500\" height=\"375\" srcset=\"https:\/\/ermitaberriip.educacion.navarra.es\/web\/wp-content\/uploads\/2018\/05\/Jardunaldi-Jarraia-Arratsaldeko-aukerako-zerbitzua-3-urte-Erdaraz.jpg 960w, https:\/\/ermitaberriip.educacion.navarra.es\/web\/wp-content\/uploads\/2018\/05\/Jardunaldi-Jarraia-Arratsaldeko-aukerako-zerbitzua-3-urte-Erdaraz-300x225.jpg 300w, https:\/\/ermitaberriip.educacion.navarra.es\/web\/wp-content\/uploads\/2018\/05\/Jardunaldi-Jarraia-Arratsaldeko-aukerako-zerbitzua-3-urte-Erdaraz-768x576.jpg 768w\" sizes=\"(max-width: 500px) 100vw, 500px\" \/><\/a>Una vez finalizado el horario de clases por la ma\u00f1ana, en Ermitaberri ofreceremos un servicio para poder continuar en el colegio hasta las 16:30 horas, con el fin de que las familias tengan la mayor flexibilidad posible a la hora de recoger a su ni\u00f1o\/a. De este modo, y sabiendo que el horario matutino finaliza a las 14:00 horas, ofrecemos hasta 4 opciones diferentes para recoger al alumno\/a:<\/p>\n<ul>\n<li><strong>A las 14:00h<\/strong>: al finalizar el horario de ma\u00f1ana. Los alumnos\/as que utilicen el servicio de Comedor lo har\u00e1n a las 13:45h, mientras que el resto terminar\u00e1 a las 13:55h (en 3 a\u00f1os siempre acabamos 5 minutos antes que el horario oficial).<\/li>\n<li><strong>A las 14:30h<\/strong>: en caso de quedarse en el comedor, tras la comida.<\/li>\n<li><strong>Entre las 15:30 y 16:00h<\/strong>: despu\u00e9s de la siesta, los ni\u00f1os\/as ir\u00e1n despert\u00e1ndose poco a poco y podr\u00e9is venir a recogerlos\/as.<\/li>\n<li><strong>A las 16:30h<\/strong>:\u00a0 desde las 15:30h hasta las 16:30h, y ya con los profesores\/as de Educaci\u00f3n Infantil de Ermitaberri, ofreceremos el servicio de \u00ab<a href=\"https:\/\/ermitaberriip.educacion.navarra.es\/web\/es\/blog\/actividades-optativas-de-tarde-organizadas-por-el-profesorado-2019-2020\/\" target=\"_blank\" rel=\"noopener noreferrer\">Actividad optativa de tarde<\/a>\u00ab, siempre eso s\u00ed, de manera gratuita. Esta actividad quedar\u00e1 abierta para todo el alumnado, tanto para quien se quede al comedor como para quien coma en casa y quiera volver.<\/li>\n<\/ul>\n","protected":false},"excerpt":{"rendered":"<p>Una vez finalizado el horario de clases por la ma\u00f1ana, en Ermitaberri ofreceremos un servicio para poder continuar en el colegio hasta las 16:30 horas, con el fin de que las familias tengan la mayor flexibilidad posible a la hora de recoger a su ni\u00f1o\/a. De este modo, y sabiendo que el horario matutino finaliza a las 14:00 horas, ofrecemos hasta 4 opciones diferentes para recoger al alumno\/a.<\/p>\n","protected":false},"author":1,"featured_media":4317,"comment_status":"open","ping_status":"open","sticky":false,"template":"","format":"standard","meta":{"_editorskit_title_hidden":false,"_editorskit_reading_time":0,"_editorskit_is_block_options_detached":false,"_editorskit_block_options_position":"{}","_genesis_hide_title":false,"_genesis_hide_breadcrumbs":false,"_genesis_hide_singular_image":false,"_genesis_hide_footer_widgets":false,"_genesis_custom_body_class":"","_genesis_custom_post_class":"","_genesis_layout":"","footnotes":""},"categories":[1],"tags":[81],"_links":{"self":[{"href":"https:\/\/ermitaberriip.educacion.navarra.es\/web\/es\/wp-json\/wp\/v2\/posts\/4320"}],"collection":[{"href":"https:\/\/ermitaberriip.educacion.navarra.es\/web\/es\/wp-json\/wp\/v2\/posts"}],"about":[{"href":"https:\/\/ermitaberriip.educacion.navarra.es\/web\/es\/wp-json\/wp\/v2\/types\/post"}],"author":[{"embeddable":true,"href":"https:\/\/ermitaberriip.educacion.navarra.es\/web\/es\/wp-json\/wp\/v2\/users\/1"}],"replies":[{"embeddable":true,"href":"https:\/\/ermitaberriip.educacion.navarra.es\/web\/es\/wp-json\/wp\/v2\/comments?post=4320"}],"version-history":[{"count":4,"href":"https:\/\/ermitaberriip.educacion.navarra.es\/web\/es\/wp-json\/wp\/v2\/posts\/4320\/revisions"}],"predecessor-version":[{"id":9853,"href":"https:\/\/ermitaberriip.educacion.navarra.es\/web\/es\/wp-json\/wp\/v2\/posts\/4320\/revisions\/9853"}],"wp:featuredmedia":[{"embeddable":true,"href":"https:\/\/ermitaberriip.educacion.navarra.es\/web\/es\/wp-json\/wp\/v2\/media\/4317"}],"wp:attachment":[{"href":"https:\/\/ermitaberriip.educacion.navarra.es\/web\/es\/wp-json\/wp\/v2\/media?parent=4320"}],"wp:term":[{"taxonomy":"category","embeddable":true,"href":"https:\/\/ermitaberriip.educacion.navarra.es\/web\/es\/wp-json\/wp\/v2\/categories?post=4320"},{"taxonomy":"post_tag","embeddable":true,"href":"https:\/\/ermitaberriip.educacion.navarra.es\/web\/es\/wp-json\/wp\/v2\/tags?post=4320"}],"curies":[{"name":"wp","href":"https:\/\/api.w.org\/{rel}","templated":true}]}}