{"id":4579,"date":"2018-05-31T10:37:22","date_gmt":"2018-05-31T08:37:22","guid":{"rendered":"https:\/\/ermitaberriip.educacion.navarra.es\/web\/?p=4579"},"modified":"2018-08-24T12:37:37","modified_gmt":"2018-08-24T10:37:37","slug":"servicio-transporte","status":"publish","type":"post","link":"https:\/\/ermitaberriip.educacion.navarra.es\/web\/es\/blog\/servicio-transporte\/","title":{"rendered":"Servicio de Transporte"},"content":{"rendered":"\t\t<div data-elementor-type=\"wp-post\" data-elementor-id=\"4579\" class=\"elementor elementor-4579 elementor-4577 elementor-bc-flex-widget\" data-elementor-post-type=\"post\">\n\t\t\t\t\t\t\t\t\t<section class=\"elementor-section elementor-top-section elementor-element elementor-element-f84cd85 elementor-section-boxed elementor-section-height-default elementor-section-height-default\" data-id=\"f84cd85\" data-element_type=\"section\">\n\t\t\t\t\t\t<div class=\"elementor-container elementor-column-gap-default\">\n\t\t\t\t\t<div class=\"elementor-column elementor-col-100 elementor-top-column elementor-element elementor-element-96626b0\" data-id=\"96626b0\" data-element_type=\"column\">\n\t\t\t<div class=\"elementor-widget-wrap elementor-element-populated\">\n\t\t\t\t\t\t\t\t<div class=\"elementor-element elementor-element-295666c elementor-widget elementor-widget-text-editor\" data-id=\"295666c\" data-element_type=\"widget\" data-widget_type=\"text-editor.default\">\n\t\t\t\t<div class=\"elementor-widget-container\">\n\t\t\t\t\t\t\t<p>Siendo conscientes del aumento de la poblaci\u00f3n en Erripaga\u00f1a, desde Ermitaberri hemos puesto los medios para poder ofertar un servicio de transporte para todo nuestro alumnado de\u00a0Erripaga\u00f1a desde\u00a0el curso 2016-2017. Este servicio cuenta todos los a\u00f1os con la ayuda econ\u00f3mica del Ayuntamiento de Burlada. El servicio est\u00e1 abierto para todo el alumnado de Erripaga\u00f1a, tanto de la zona de Burlada, de la de Pamplona como de la de Sarriguren.<\/p><div>A lo largo del presente curso, el camino en el proceso ha estado lleno de altibajos, pero ha llegado el momento que todos esper\u00e1bamos: las inscripciones para el pr\u00f3ximo curso. Sabemos que no hemos cumplido con lo prometido pero no ha sido un camino f\u00e1cil. Ahora esperamos vuestra respuesta.<\/div><div>\u00a0<\/div><div>El plazo de inscripci\u00f3n est\u00e1 abierto hasta el pr\u00f3ximo <strong>8 de junio<\/strong>. La hoja de inscripci\u00f3n est\u00e1 disponible a continuaci\u00f3n en esta misma p\u00e1gina, y se puede entregar en la oficina de Administraci\u00f3n de Ermitaberri.<\/div><div>\u00a0<\/div><div>Adem\u00e1s de ello, hemos hecho p\u00fablicas las condiciones y la normativa de convivencia que regular\u00e1 el Servicio de Transporte, as\u00ed como el anuncio de la puesta en marcha del servicio.<\/div>\t\t\t\t\t\t<\/div>\n\t\t\t\t<\/div>\n\t\t\t\t\t<\/div>\n\t\t<\/div>\n\t\t\t\t\t\t\t<\/div>\n\t\t<\/section>\n\t\t\t\t<section class=\"elementor-section elementor-top-section elementor-element elementor-element-6b6c1a50 elementor-section-boxed elementor-section-height-default elementor-section-height-default\" data-id=\"6b6c1a50\" data-element_type=\"section\" data-settings=\"{&quot;background_background&quot;:&quot;classic&quot;}\">\n\t\t\t\t\t\t<div class=\"elementor-container elementor-column-gap-default\">\n\t\t\t\t\t<div class=\"elementor-column elementor-col-33 elementor-top-column elementor-element elementor-element-13d3912c\" data-id=\"13d3912c\" data-element_type=\"column\">\n\t\t\t<div class=\"elementor-widget-wrap elementor-element-populated\">\n\t\t\t\t\t\t\t\t<div class=\"elementor-element elementor-element-583e006a elementor-view-default elementor-position-top elementor-mobile-position-top elementor-widget elementor-widget-icon-box\" data-id=\"583e006a\" data-element_type=\"widget\" data-widget_type=\"icon-box.default\">\n\t\t\t\t<div class=\"elementor-widget-container\">\n\t\t\t\t\t<div class=\"elementor-icon-box-wrapper\">\n\t\t\t\t\t\t<div class=\"elementor-icon-box-icon\">\n\t\t\t\t<a href=\"https:\/\/ermitaberriip.educacion.navarra.es\/web\/es\/blog\/condiciones-y-normativa-servicio-transporte\/\" class=\"elementor-icon elementor-animation-grow\" tabindex=\"-1\">\n\t\t\t\t<i class=\"fa fa-file\" aria-hidden=\"true\"><\/i>\t\t\t\t<\/a>\n\t\t\t<\/div>\n\t\t\t\t\t\t<div class=\"elementor-icon-box-content\">\n\t\t\t\t<h3 class=\"elementor-icon-box-title\">\n\t\t\t\t\t<a href=\"https:\/\/ermitaberriip.educacion.navarra.es\/web\/es\/blog\/condiciones-y-normativa-servicio-transporte\/\" >\n\t\t\t\t\t\tCondiciones y normativa\t\t\t\t\t<\/a>\n\t\t\t\t<\/h3>\n\t\t\t\t\t\t\t<\/div>\n\t\t<\/div>\n\t\t\t\t<\/div>\n\t\t\t\t<\/div>\n\t\t\t\t\t<\/div>\n\t\t<\/div>\n\t\t\t\t<div class=\"elementor-column elementor-col-33 elementor-top-column elementor-element elementor-element-7158ddd\" data-id=\"7158ddd\" data-element_type=\"column\">\n\t\t\t<div class=\"elementor-widget-wrap elementor-element-populated\">\n\t\t\t\t\t\t\t\t<div class=\"elementor-element elementor-element-8af92f5 elementor-view-default elementor-position-top elementor-mobile-position-top elementor-widget elementor-widget-icon-box\" data-id=\"8af92f5\" data-element_type=\"widget\" data-widget_type=\"icon-box.default\">\n\t\t\t\t<div class=\"elementor-widget-container\">\n\t\t\t\t\t<div class=\"elementor-icon-box-wrapper\">\n\t\t\t\t\t\t<div class=\"elementor-icon-box-icon\">\n\t\t\t\t<a href=\"https:\/\/ermitaberriip.educacion.navarra.es\/web\/es\/blog\/puesta-en-marcha-servicio-transporte\/\" class=\"elementor-icon elementor-animation-grow\" tabindex=\"-1\">\n\t\t\t\t<i class=\"fa fa-bus\" aria-hidden=\"true\"><\/i>\t\t\t\t<\/a>\n\t\t\t<\/div>\n\t\t\t\t\t\t<div class=\"elementor-icon-box-content\">\n\t\t\t\t<h3 class=\"elementor-icon-box-title\">\n\t\t\t\t\t<a href=\"https:\/\/ermitaberriip.educacion.navarra.es\/web\/es\/blog\/puesta-en-marcha-servicio-transporte\/\" >\n\t\t\t\t\t\tPuesta en marcha\t\t\t\t\t<\/a>\n\t\t\t\t<\/h3>\n\t\t\t\t\t\t\t<\/div>\n\t\t<\/div>\n\t\t\t\t<\/div>\n\t\t\t\t<\/div>\n\t\t\t\t\t<\/div>\n\t\t<\/div>\n\t\t\t\t<div class=\"elementor-column elementor-col-33 elementor-top-column elementor-element elementor-element-360833af\" data-id=\"360833af\" data-element_type=\"column\">\n\t\t\t<div class=\"elementor-widget-wrap elementor-element-populated\">\n\t\t\t\t\t\t\t\t<div class=\"elementor-element elementor-element-4a92dea1 elementor-view-default elementor-position-top elementor-mobile-position-top elementor-widget elementor-widget-icon-box\" data-id=\"4a92dea1\" data-element_type=\"widget\" data-widget_type=\"icon-box.default\">\n\t\t\t\t<div class=\"elementor-widget-container\">\n\t\t\t\t\t<div class=\"elementor-icon-box-wrapper\">\n\t\t\t\t\t\t<div class=\"elementor-icon-box-icon\">\n\t\t\t\t<a href=\"https:\/\/ermitaberriip.educacion.navarra.es\/web\/wp-content\/uploads\/2018\/05\/Garraiorako-izen-emate-orria-2018-2019-erdaraz.pdf\" target=\"_blank\" class=\"elementor-icon elementor-animation-grow\" tabindex=\"-1\">\n\t\t\t\t<i class=\"fa fa-download\" aria-hidden=\"true\"><\/i>\t\t\t\t<\/a>\n\t\t\t<\/div>\n\t\t\t\t\t\t<div class=\"elementor-icon-box-content\">\n\t\t\t\t<h3 class=\"elementor-icon-box-title\">\n\t\t\t\t\t<a href=\"https:\/\/ermitaberriip.educacion.navarra.es\/web\/wp-content\/uploads\/2018\/05\/Garraiorako-izen-emate-orria-2018-2019-erdaraz.pdf\" target=\"_blank\" >\n\t\t\t\t\t\tHoja de inscripci\u00f3n\t\t\t\t\t<\/a>\n\t\t\t\t<\/h3>\n\t\t\t\t\t\t\t<\/div>\n\t\t<\/div>\n\t\t\t\t<\/div>\n\t\t\t\t<\/div>\n\t\t\t\t\t<\/div>\n\t\t<\/div>\n\t\t\t\t\t\t\t<\/div>\n\t\t<\/section>\n\t\t\t\t<section class=\"elementor-section elementor-top-section elementor-element elementor-element-841d532 elementor-section-boxed elementor-section-height-default elementor-section-height-default\" data-id=\"841d532\" data-element_type=\"section\">\n\t\t\t\t\t\t<div class=\"elementor-container elementor-column-gap-default\">\n\t\t\t\t\t<div class=\"elementor-column elementor-col-100 elementor-top-column elementor-element elementor-element-29b49c1\" data-id=\"29b49c1\" data-element_type=\"column\">\n\t\t\t<div class=\"elementor-widget-wrap elementor-element-populated\">\n\t\t\t\t\t\t\t\t<div class=\"elementor-element elementor-element-578f6d6 elementor-widget elementor-widget-spacer\" data-id=\"578f6d6\" data-element_type=\"widget\" data-widget_type=\"spacer.default\">\n\t\t\t\t<div class=\"elementor-widget-container\">\n\t\t\t\t\t<div class=\"elementor-spacer\">\n\t\t\t<div class=\"elementor-spacer-inner\"><\/div>\n\t\t<\/div>\n\t\t\t\t<\/div>\n\t\t\t\t<\/div>\n\t\t\t\t\t<\/div>\n\t\t<\/div>\n\t\t\t\t\t\t\t<\/div>\n\t\t<\/section>\n\t\t\t\t\t\t\t<\/div>\n\t\t","protected":false},"excerpt":{"rendered":"<p>A lo largo del presente curso, el camino en el proceso ha estado lleno de altibajos, pero ha llegado el momento que todos esper\u00e1bamos: las inscripciones para el pr\u00f3ximo curso. Sabemos que no hemos cumplido con lo prometido pero no ha sido un camino f\u00e1cil. Ahora esperamos vuestra respuesta.<\/p>\n","protected":false},"author":1,"featured_media":4412,"comment_status":"open","ping_status":"open","sticky":false,"template":"","format":"standard","meta":{"_editorskit_title_hidden":false,"_editorskit_reading_time":0,"_editorskit_is_block_options_detached":false,"_editorskit_block_options_position":"{}","_genesis_hide_title":false,"_genesis_hide_breadcrumbs":false,"_genesis_hide_singular_image":false,"_genesis_hide_footer_widgets":false,"_genesis_custom_body_class":"","_genesis_custom_post_class":"","_genesis_layout":"","footnotes":""},"categories":[3,1,73,72],"tags":[65,64,76,79],"_links":{"self":[{"href":"https:\/\/ermitaberriip.educacion.navarra.es\/web\/es\/wp-json\/wp\/v2\/posts\/4579"}],"collection":[{"href":"https:\/\/ermitaberriip.educacion.navarra.es\/web\/es\/wp-json\/wp\/v2\/posts"}],"about":[{"href":"https:\/\/ermitaberriip.educacion.navarra.es\/web\/es\/wp-json\/wp\/v2\/types\/post"}],"author":[{"embeddable":true,"href":"https:\/\/ermitaberriip.educacion.navarra.es\/web\/es\/wp-json\/wp\/v2\/users\/1"}],"replies":[{"embeddable":true,"href":"https:\/\/ermitaberriip.educacion.navarra.es\/web\/es\/wp-json\/wp\/v2\/comments?post=4579"}],"version-history":[{"count":11,"href":"https:\/\/ermitaberriip.educacion.navarra.es\/web\/es\/wp-json\/wp\/v2\/posts\/4579\/revisions"}],"predecessor-version":[{"id":5939,"href":"https:\/\/ermitaberriip.educacion.navarra.es\/web\/es\/wp-json\/wp\/v2\/posts\/4579\/revisions\/5939"}],"wp:featuredmedia":[{"embeddable":true,"href":"https:\/\/ermitaberriip.educacion.navarra.es\/web\/es\/wp-json\/wp\/v2\/media\/4412"}],"wp:attachment":[{"href":"https:\/\/ermitaberriip.educacion.navarra.es\/web\/es\/wp-json\/wp\/v2\/media?parent=4579"}],"wp:term":[{"taxonomy":"category","embeddable":true,"href":"https:\/\/ermitaberriip.educacion.navarra.es\/web\/es\/wp-json\/wp\/v2\/categories?post=4579"},{"taxonomy":"post_tag","embeddable":true,"href":"https:\/\/ermitaberriip.educacion.navarra.es\/web\/es\/wp-json\/wp\/v2\/tags?post=4579"}],"curies":[{"name":"wp","href":"https:\/\/api.w.org\/{rel}","templated":true}]}}