{"id":5340,"date":"2018-05-26T00:59:08","date_gmt":"2018-05-25T22:59:08","guid":{"rendered":"https:\/\/ermitaberriip.educacion.navarra.es\/web\/?p=5340"},"modified":"2018-06-16T09:02:26","modified_gmt":"2018-06-16T07:02:26","slug":"concierto-2018-fotos","status":"publish","type":"post","link":"https:\/\/ermitaberriip.educacion.navarra.es\/web\/es\/blog\/concierto-2018-fotos\/","title":{"rendered":"Concierto de Fin de Curso 2018 &#8211; Fotos"},"content":{"rendered":"<p>Queremos recordar mediante estas im\u00e1genes muchos de los momentos que vivimos en esta cuarta edici\u00f3n del Concierto de Ermitaberri, aunque somos conscientes de la dificultad de resumir un concierto de este calibre.<\/p>\n<p>Emoci\u00f3n, nervios, ilusi\u00f3n, alegr\u00eda&#8230; es la m\u00fasica la que une todos estos sentimientos sobre el escenario.<\/p>\n<div id='gallery-1' class='gallery galleryid-5340 gallery-columns-4 gallery-size-thumbnail'><dl class='gallery-item'>\n\t\t\t<dt class='gallery-icon landscape'>\n\t\t\t\t<a href='https:\/\/ermitaberriip.educacion.navarra.es\/web\/wp-content\/uploads\/2018\/05\/Kontzertua-2018-01.jpg'><img decoding=\"async\" width=\"150\" height=\"150\" src=\"https:\/\/ermitaberriip.educacion.navarra.es\/web\/wp-content\/uploads\/2018\/05\/Kontzertua-2018-01-150x150.jpg\" class=\"attachment-thumbnail size-thumbnail\" alt=\"\" \/><\/a>\n\t\t\t<\/dt><\/dl><dl class='gallery-item'>\n\t\t\t<dt class='gallery-icon landscape'>\n\t\t\t\t<a href='https:\/\/ermitaberriip.educacion.navarra.es\/web\/wp-content\/uploads\/2018\/05\/Kontzertua-2018-02.jpg'><img decoding=\"async\" width=\"150\" height=\"150\" src=\"https:\/\/ermitaberriip.educacion.navarra.es\/web\/wp-content\/uploads\/2018\/05\/Kontzertua-2018-02-150x150.jpg\" class=\"attachment-thumbnail size-thumbnail\" alt=\"\" \/><\/a>\n\t\t\t<\/dt><\/dl><dl class='gallery-item'>\n\t\t\t<dt class='gallery-icon landscape'>\n\t\t\t\t<a href='https:\/\/ermitaberriip.educacion.navarra.es\/web\/wp-content\/uploads\/2018\/05\/Kontzertua-2018-03.jpg'><img decoding=\"async\" width=\"150\" height=\"150\" src=\"https:\/\/ermitaberriip.educacion.navarra.es\/web\/wp-content\/uploads\/2018\/05\/Kontzertua-2018-03-150x150.jpg\" class=\"attachment-thumbnail size-thumbnail\" alt=\"\" \/><\/a>\n\t\t\t<\/dt><\/dl><dl class='gallery-item'>\n\t\t\t<dt class='gallery-icon landscape'>\n\t\t\t\t<a href='https:\/\/ermitaberriip.educacion.navarra.es\/web\/wp-content\/uploads\/2018\/05\/Kontzertua-2018-04.jpg'><img loading=\"lazy\" decoding=\"async\" width=\"150\" height=\"150\" src=\"https:\/\/ermitaberriip.educacion.navarra.es\/web\/wp-content\/uploads\/2018\/05\/Kontzertua-2018-04-150x150.jpg\" class=\"attachment-thumbnail size-thumbnail\" alt=\"\" \/><\/a>\n\t\t\t<\/dt><\/dl><br style=\"clear: both\" \/><dl class='gallery-item'>\n\t\t\t<dt class='gallery-icon landscape'>\n\t\t\t\t<a href='https:\/\/ermitaberriip.educacion.navarra.es\/web\/wp-content\/uploads\/2018\/05\/Kontzertua-2018-05.jpg'><img loading=\"lazy\" decoding=\"async\" width=\"150\" height=\"150\" src=\"https:\/\/ermitaberriip.educacion.navarra.es\/web\/wp-content\/uploads\/2018\/05\/Kontzertua-2018-05-150x150.jpg\" class=\"attachment-thumbnail size-thumbnail\" alt=\"\" \/><\/a>\n\t\t\t<\/dt><\/dl><dl class='gallery-item'>\n\t\t\t<dt class='gallery-icon landscape'>\n\t\t\t\t<a href='https:\/\/ermitaberriip.educacion.navarra.es\/web\/wp-content\/uploads\/2018\/05\/Kontzertua-2018-06.jpg'><img loading=\"lazy\" decoding=\"async\" width=\"150\" height=\"150\" src=\"https:\/\/ermitaberriip.educacion.navarra.es\/web\/wp-content\/uploads\/2018\/05\/Kontzertua-2018-06-150x150.jpg\" class=\"attachment-thumbnail size-thumbnail\" alt=\"\" \/><\/a>\n\t\t\t<\/dt><\/dl><dl class='gallery-item'>\n\t\t\t<dt class='gallery-icon landscape'>\n\t\t\t\t<a href='https:\/\/ermitaberriip.educacion.navarra.es\/web\/wp-content\/uploads\/2018\/05\/Kontzertua-2018-07.jpg'><img loading=\"lazy\" decoding=\"async\" width=\"150\" height=\"150\" src=\"https:\/\/ermitaberriip.educacion.navarra.es\/web\/wp-content\/uploads\/2018\/05\/Kontzertua-2018-07-150x150.jpg\" class=\"attachment-thumbnail size-thumbnail\" alt=\"\" \/><\/a>\n\t\t\t<\/dt><\/dl><dl class='gallery-item'>\n\t\t\t<dt class='gallery-icon landscape'>\n\t\t\t\t<a href='https:\/\/ermitaberriip.educacion.navarra.es\/web\/wp-content\/uploads\/2018\/05\/Kontzertua-2018-08.jpg'><img loading=\"lazy\" decoding=\"async\" width=\"150\" height=\"150\" src=\"https:\/\/ermitaberriip.educacion.navarra.es\/web\/wp-content\/uploads\/2018\/05\/Kontzertua-2018-08-150x150.jpg\" class=\"attachment-thumbnail size-thumbnail\" alt=\"\" \/><\/a>\n\t\t\t<\/dt><\/dl><br style=\"clear: both\" \/><dl class='gallery-item'>\n\t\t\t<dt class='gallery-icon landscape'>\n\t\t\t\t<a href='https:\/\/ermitaberriip.educacion.navarra.es\/web\/wp-content\/uploads\/2018\/05\/Kontzertua-2018-09.jpg'><img loading=\"lazy\" decoding=\"async\" width=\"150\" height=\"150\" src=\"https:\/\/ermitaberriip.educacion.navarra.es\/web\/wp-content\/uploads\/2018\/05\/Kontzertua-2018-09-150x150.jpg\" class=\"attachment-thumbnail size-thumbnail\" alt=\"\" \/><\/a>\n\t\t\t<\/dt><\/dl><dl class='gallery-item'>\n\t\t\t<dt class='gallery-icon landscape'>\n\t\t\t\t<a href='https:\/\/ermitaberriip.educacion.navarra.es\/web\/wp-content\/uploads\/2018\/05\/Kontzertua-2018-10.jpg'><img loading=\"lazy\" decoding=\"async\" width=\"150\" height=\"150\" src=\"https:\/\/ermitaberriip.educacion.navarra.es\/web\/wp-content\/uploads\/2018\/05\/Kontzertua-2018-10-150x150.jpg\" class=\"attachment-thumbnail size-thumbnail\" alt=\"\" \/><\/a>\n\t\t\t<\/dt><\/dl><dl class='gallery-item'>\n\t\t\t<dt class='gallery-icon landscape'>\n\t\t\t\t<a href='https:\/\/ermitaberriip.educacion.navarra.es\/web\/wp-content\/uploads\/2018\/05\/Kontzertua-2018-11.jpg'><img loading=\"lazy\" decoding=\"async\" width=\"150\" height=\"150\" src=\"https:\/\/ermitaberriip.educacion.navarra.es\/web\/wp-content\/uploads\/2018\/05\/Kontzertua-2018-11-150x150.jpg\" class=\"attachment-thumbnail size-thumbnail\" alt=\"\" \/><\/a>\n\t\t\t<\/dt><\/dl><dl class='gallery-item'>\n\t\t\t<dt class='gallery-icon landscape'>\n\t\t\t\t<a href='https:\/\/ermitaberriip.educacion.navarra.es\/web\/wp-content\/uploads\/2018\/05\/Kontzertua-2018-12.jpg'><img loading=\"lazy\" decoding=\"async\" width=\"150\" height=\"150\" src=\"https:\/\/ermitaberriip.educacion.navarra.es\/web\/wp-content\/uploads\/2018\/05\/Kontzertua-2018-12-150x150.jpg\" class=\"attachment-thumbnail size-thumbnail\" alt=\"\" \/><\/a>\n\t\t\t<\/dt><\/dl><br style=\"clear: both\" \/><dl class='gallery-item'>\n\t\t\t<dt class='gallery-icon landscape'>\n\t\t\t\t<a href='https:\/\/ermitaberriip.educacion.navarra.es\/web\/wp-content\/uploads\/2018\/05\/Kontzertua-2018-13.jpg'><img loading=\"lazy\" decoding=\"async\" width=\"150\" height=\"150\" src=\"https:\/\/ermitaberriip.educacion.navarra.es\/web\/wp-content\/uploads\/2018\/05\/Kontzertua-2018-13-150x150.jpg\" class=\"attachment-thumbnail size-thumbnail\" alt=\"\" \/><\/a>\n\t\t\t<\/dt><\/dl><dl class='gallery-item'>\n\t\t\t<dt class='gallery-icon portrait'>\n\t\t\t\t<a href='https:\/\/ermitaberriip.educacion.navarra.es\/web\/wp-content\/uploads\/2018\/05\/Kontzertua-2018-14.jpg'><img loading=\"lazy\" decoding=\"async\" width=\"150\" height=\"150\" src=\"https:\/\/ermitaberriip.educacion.navarra.es\/web\/wp-content\/uploads\/2018\/05\/Kontzertua-2018-14-150x150.jpg\" class=\"attachment-thumbnail size-thumbnail\" alt=\"\" \/><\/a>\n\t\t\t<\/dt><\/dl><dl class='gallery-item'>\n\t\t\t<dt class='gallery-icon landscape'>\n\t\t\t\t<a href='https:\/\/ermitaberriip.educacion.navarra.es\/web\/wp-content\/uploads\/2018\/05\/Kontzertua-2018-15.jpg'><img loading=\"lazy\" decoding=\"async\" width=\"150\" height=\"150\" src=\"https:\/\/ermitaberriip.educacion.navarra.es\/web\/wp-content\/uploads\/2018\/05\/Kontzertua-2018-15-150x150.jpg\" class=\"attachment-thumbnail size-thumbnail\" alt=\"\" \/><\/a>\n\t\t\t<\/dt><\/dl><dl class='gallery-item'>\n\t\t\t<dt class='gallery-icon landscape'>\n\t\t\t\t<a href='https:\/\/ermitaberriip.educacion.navarra.es\/web\/wp-content\/uploads\/2018\/05\/Kontzertua-2018-16.jpg'><img loading=\"lazy\" decoding=\"async\" width=\"150\" height=\"150\" src=\"https:\/\/ermitaberriip.educacion.navarra.es\/web\/wp-content\/uploads\/2018\/05\/Kontzertua-2018-16-150x150.jpg\" class=\"attachment-thumbnail size-thumbnail\" alt=\"\" \/><\/a>\n\t\t\t<\/dt><\/dl><br style=\"clear: both\" \/><dl class='gallery-item'>\n\t\t\t<dt class='gallery-icon landscape'>\n\t\t\t\t<a href='https:\/\/ermitaberriip.educacion.navarra.es\/web\/wp-content\/uploads\/2018\/05\/Kontzertua-2018-17.jpg'><img loading=\"lazy\" decoding=\"async\" width=\"150\" height=\"150\" src=\"https:\/\/ermitaberriip.educacion.navarra.es\/web\/wp-content\/uploads\/2018\/05\/Kontzertua-2018-17-150x150.jpg\" class=\"attachment-thumbnail size-thumbnail\" alt=\"\" \/><\/a>\n\t\t\t<\/dt><\/dl><dl class='gallery-item'>\n\t\t\t<dt class='gallery-icon landscape'>\n\t\t\t\t<a href='https:\/\/ermitaberriip.educacion.navarra.es\/web\/wp-content\/uploads\/2018\/05\/Kontzertua-2018-18.jpg'><img loading=\"lazy\" decoding=\"async\" width=\"150\" height=\"150\" src=\"https:\/\/ermitaberriip.educacion.navarra.es\/web\/wp-content\/uploads\/2018\/05\/Kontzertua-2018-18-150x150.jpg\" class=\"attachment-thumbnail size-thumbnail\" alt=\"\" \/><\/a>\n\t\t\t<\/dt><\/dl><dl class='gallery-item'>\n\t\t\t<dt class='gallery-icon landscape'>\n\t\t\t\t<a href='https:\/\/ermitaberriip.educacion.navarra.es\/web\/wp-content\/uploads\/2018\/05\/Kontzertua-2018-19.jpg'><img loading=\"lazy\" decoding=\"async\" width=\"150\" height=\"150\" src=\"https:\/\/ermitaberriip.educacion.navarra.es\/web\/wp-content\/uploads\/2018\/05\/Kontzertua-2018-19-150x150.jpg\" class=\"attachment-thumbnail size-thumbnail\" alt=\"\" \/><\/a>\n\t\t\t<\/dt><\/dl><dl class='gallery-item'>\n\t\t\t<dt class='gallery-icon landscape'>\n\t\t\t\t<a href='https:\/\/ermitaberriip.educacion.navarra.es\/web\/wp-content\/uploads\/2018\/05\/Kontzertua-2018-20.jpg'><img loading=\"lazy\" decoding=\"async\" width=\"150\" height=\"150\" src=\"https:\/\/ermitaberriip.educacion.navarra.es\/web\/wp-content\/uploads\/2018\/05\/Kontzertua-2018-20-150x150.jpg\" class=\"attachment-thumbnail size-thumbnail\" alt=\"\" \/><\/a>\n\t\t\t<\/dt><\/dl><br style=\"clear: both\" \/><dl class='gallery-item'>\n\t\t\t<dt class='gallery-icon landscape'>\n\t\t\t\t<a href='https:\/\/ermitaberriip.educacion.navarra.es\/web\/wp-content\/uploads\/2018\/05\/Kontzertua-2018-21.jpg'><img loading=\"lazy\" decoding=\"async\" width=\"150\" height=\"150\" src=\"https:\/\/ermitaberriip.educacion.navarra.es\/web\/wp-content\/uploads\/2018\/05\/Kontzertua-2018-21-150x150.jpg\" class=\"attachment-thumbnail size-thumbnail\" alt=\"\" \/><\/a>\n\t\t\t<\/dt><\/dl><dl class='gallery-item'>\n\t\t\t<dt class='gallery-icon landscape'>\n\t\t\t\t<a href='https:\/\/ermitaberriip.educacion.navarra.es\/web\/wp-content\/uploads\/2018\/05\/Kontzertua-2018-22.jpg'><img loading=\"lazy\" decoding=\"async\" width=\"150\" height=\"150\" src=\"https:\/\/ermitaberriip.educacion.navarra.es\/web\/wp-content\/uploads\/2018\/05\/Kontzertua-2018-22-150x150.jpg\" class=\"attachment-thumbnail size-thumbnail\" alt=\"\" \/><\/a>\n\t\t\t<\/dt><\/dl><dl class='gallery-item'>\n\t\t\t<dt class='gallery-icon landscape'>\n\t\t\t\t<a href='https:\/\/ermitaberriip.educacion.navarra.es\/web\/wp-content\/uploads\/2018\/05\/Kontzertua-2018-23.jpg'><img loading=\"lazy\" decoding=\"async\" width=\"150\" height=\"150\" src=\"https:\/\/ermitaberriip.educacion.navarra.es\/web\/wp-content\/uploads\/2018\/05\/Kontzertua-2018-23-150x150.jpg\" class=\"attachment-thumbnail size-thumbnail\" alt=\"\" \/><\/a>\n\t\t\t<\/dt><\/dl><dl class='gallery-item'>\n\t\t\t<dt class='gallery-icon landscape'>\n\t\t\t\t<a href='https:\/\/ermitaberriip.educacion.navarra.es\/web\/wp-content\/uploads\/2018\/05\/Kontzertua-2018-24.jpg'><img loading=\"lazy\" decoding=\"async\" width=\"150\" height=\"150\" src=\"https:\/\/ermitaberriip.educacion.navarra.es\/web\/wp-content\/uploads\/2018\/05\/Kontzertua-2018-24-150x150.jpg\" class=\"attachment-thumbnail size-thumbnail\" alt=\"\" \/><\/a>\n\t\t\t<\/dt><\/dl><br style=\"clear: both\" \/><dl class='gallery-item'>\n\t\t\t<dt class='gallery-icon landscape'>\n\t\t\t\t<a href='https:\/\/ermitaberriip.educacion.navarra.es\/web\/wp-content\/uploads\/2018\/05\/Kontzertua-2018-25.jpg'><img loading=\"lazy\" decoding=\"async\" width=\"150\" height=\"150\" src=\"https:\/\/ermitaberriip.educacion.navarra.es\/web\/wp-content\/uploads\/2018\/05\/Kontzertua-2018-25-150x150.jpg\" class=\"attachment-thumbnail size-thumbnail\" alt=\"\" \/><\/a>\n\t\t\t<\/dt><\/dl><dl class='gallery-item'>\n\t\t\t<dt class='gallery-icon landscape'>\n\t\t\t\t<a href='https:\/\/ermitaberriip.educacion.navarra.es\/web\/wp-content\/uploads\/2018\/05\/Kontzertua-2018-26.jpg'><img loading=\"lazy\" decoding=\"async\" width=\"150\" height=\"150\" src=\"https:\/\/ermitaberriip.educacion.navarra.es\/web\/wp-content\/uploads\/2018\/05\/Kontzertua-2018-26-150x150.jpg\" class=\"attachment-thumbnail size-thumbnail\" alt=\"\" \/><\/a>\n\t\t\t<\/dt><\/dl><dl class='gallery-item'>\n\t\t\t<dt class='gallery-icon landscape'>\n\t\t\t\t<a href='https:\/\/ermitaberriip.educacion.navarra.es\/web\/wp-content\/uploads\/2018\/05\/Kontzertua-2018-27.jpg'><img loading=\"lazy\" decoding=\"async\" width=\"150\" height=\"150\" src=\"https:\/\/ermitaberriip.educacion.navarra.es\/web\/wp-content\/uploads\/2018\/05\/Kontzertua-2018-27-150x150.jpg\" class=\"attachment-thumbnail size-thumbnail\" alt=\"\" \/><\/a>\n\t\t\t<\/dt><\/dl><dl class='gallery-item'>\n\t\t\t<dt class='gallery-icon landscape'>\n\t\t\t\t<a href='https:\/\/ermitaberriip.educacion.navarra.es\/web\/wp-content\/uploads\/2018\/05\/Kontzertua-2018-28.jpg'><img loading=\"lazy\" decoding=\"async\" width=\"150\" height=\"150\" src=\"https:\/\/ermitaberriip.educacion.navarra.es\/web\/wp-content\/uploads\/2018\/05\/Kontzertua-2018-28-150x150.jpg\" class=\"attachment-thumbnail size-thumbnail\" alt=\"\" \/><\/a>\n\t\t\t<\/dt><\/dl><br style=\"clear: both\" \/><dl class='gallery-item'>\n\t\t\t<dt class='gallery-icon landscape'>\n\t\t\t\t<a href='https:\/\/ermitaberriip.educacion.navarra.es\/web\/wp-content\/uploads\/2018\/05\/Kontzertua-2018-29.jpg'><img loading=\"lazy\" decoding=\"async\" width=\"150\" height=\"150\" src=\"https:\/\/ermitaberriip.educacion.navarra.es\/web\/wp-content\/uploads\/2018\/05\/Kontzertua-2018-29-150x150.jpg\" class=\"attachment-thumbnail size-thumbnail\" alt=\"\" \/><\/a>\n\t\t\t<\/dt><\/dl><dl class='gallery-item'>\n\t\t\t<dt class='gallery-icon landscape'>\n\t\t\t\t<a href='https:\/\/ermitaberriip.educacion.navarra.es\/web\/wp-content\/uploads\/2018\/05\/Kontzertua-2018-30.jpg'><img loading=\"lazy\" decoding=\"async\" width=\"150\" height=\"150\" src=\"https:\/\/ermitaberriip.educacion.navarra.es\/web\/wp-content\/uploads\/2018\/05\/Kontzertua-2018-30-150x150.jpg\" class=\"attachment-thumbnail size-thumbnail\" alt=\"\" \/><\/a>\n\t\t\t<\/dt><\/dl><dl class='gallery-item'>\n\t\t\t<dt class='gallery-icon portrait'>\n\t\t\t\t<a href='https:\/\/ermitaberriip.educacion.navarra.es\/web\/wp-content\/uploads\/2018\/05\/Kontzertua-2018-31.jpg'><img loading=\"lazy\" decoding=\"async\" width=\"150\" height=\"150\" src=\"https:\/\/ermitaberriip.educacion.navarra.es\/web\/wp-content\/uploads\/2018\/05\/Kontzertua-2018-31-150x150.jpg\" class=\"attachment-thumbnail size-thumbnail\" alt=\"\" \/><\/a>\n\t\t\t<\/dt><\/dl><dl class='gallery-item'>\n\t\t\t<dt class='gallery-icon landscape'>\n\t\t\t\t<a href='https:\/\/ermitaberriip.educacion.navarra.es\/web\/wp-content\/uploads\/2018\/05\/Kontzertua-2018-32.jpg'><img loading=\"lazy\" decoding=\"async\" width=\"150\" height=\"150\" src=\"https:\/\/ermitaberriip.educacion.navarra.es\/web\/wp-content\/uploads\/2018\/05\/Kontzertua-2018-32-150x150.jpg\" class=\"attachment-thumbnail size-thumbnail\" alt=\"\" \/><\/a>\n\t\t\t<\/dt><\/dl><br style=\"clear: both\" \/><dl class='gallery-item'>\n\t\t\t<dt class='gallery-icon landscape'>\n\t\t\t\t<a href='https:\/\/ermitaberriip.educacion.navarra.es\/web\/wp-content\/uploads\/2018\/05\/Kontzertua-2018-33.jpg'><img loading=\"lazy\" decoding=\"async\" width=\"150\" height=\"150\" src=\"https:\/\/ermitaberriip.educacion.navarra.es\/web\/wp-content\/uploads\/2018\/05\/Kontzertua-2018-33-150x150.jpg\" class=\"attachment-thumbnail size-thumbnail\" alt=\"\" \/><\/a>\n\t\t\t<\/dt><\/dl><dl class='gallery-item'>\n\t\t\t<dt class='gallery-icon landscape'>\n\t\t\t\t<a href='https:\/\/ermitaberriip.educacion.navarra.es\/web\/wp-content\/uploads\/2018\/05\/Kontzertua-2018-34.jpg'><img loading=\"lazy\" decoding=\"async\" width=\"150\" height=\"150\" src=\"https:\/\/ermitaberriip.educacion.navarra.es\/web\/wp-content\/uploads\/2018\/05\/Kontzertua-2018-34-150x150.jpg\" class=\"attachment-thumbnail size-thumbnail\" alt=\"\" \/><\/a>\n\t\t\t<\/dt><\/dl><dl class='gallery-item'>\n\t\t\t<dt class='gallery-icon landscape'>\n\t\t\t\t<a href='https:\/\/ermitaberriip.educacion.navarra.es\/web\/wp-content\/uploads\/2018\/05\/Kontzertua-2018-35.jpg'><img loading=\"lazy\" decoding=\"async\" width=\"150\" height=\"150\" src=\"https:\/\/ermitaberriip.educacion.navarra.es\/web\/wp-content\/uploads\/2018\/05\/Kontzertua-2018-35-150x150.jpg\" class=\"attachment-thumbnail size-thumbnail\" alt=\"\" \/><\/a>\n\t\t\t<\/dt><\/dl><dl class='gallery-item'>\n\t\t\t<dt class='gallery-icon landscape'>\n\t\t\t\t<a href='https:\/\/ermitaberriip.educacion.navarra.es\/web\/wp-content\/uploads\/2018\/05\/Kontzertua-2018-36.jpg'><img loading=\"lazy\" decoding=\"async\" width=\"150\" height=\"150\" src=\"https:\/\/ermitaberriip.educacion.navarra.es\/web\/wp-content\/uploads\/2018\/05\/Kontzertua-2018-36-150x150.jpg\" class=\"attachment-thumbnail size-thumbnail\" alt=\"\" \/><\/a>\n\t\t\t<\/dt><\/dl><br style=\"clear: both\" \/><dl class='gallery-item'>\n\t\t\t<dt class='gallery-icon portrait'>\n\t\t\t\t<a href='https:\/\/ermitaberriip.educacion.navarra.es\/web\/wp-content\/uploads\/2018\/05\/Kontzertua-2018-37.jpg'><img loading=\"lazy\" decoding=\"async\" width=\"150\" height=\"150\" src=\"https:\/\/ermitaberriip.educacion.navarra.es\/web\/wp-content\/uploads\/2018\/05\/Kontzertua-2018-37-150x150.jpg\" class=\"attachment-thumbnail size-thumbnail\" alt=\"\" \/><\/a>\n\t\t\t<\/dt><\/dl><dl class='gallery-item'>\n\t\t\t<dt class='gallery-icon landscape'>\n\t\t\t\t<a href='https:\/\/ermitaberriip.educacion.navarra.es\/web\/wp-content\/uploads\/2018\/05\/Kontzertua-2018-38.jpg'><img loading=\"lazy\" decoding=\"async\" width=\"150\" height=\"150\" src=\"https:\/\/ermitaberriip.educacion.navarra.es\/web\/wp-content\/uploads\/2018\/05\/Kontzertua-2018-38-150x150.jpg\" class=\"attachment-thumbnail size-thumbnail\" alt=\"\" \/><\/a>\n\t\t\t<\/dt><\/dl><dl class='gallery-item'>\n\t\t\t<dt class='gallery-icon landscape'>\n\t\t\t\t<a href='https:\/\/ermitaberriip.educacion.navarra.es\/web\/wp-content\/uploads\/2018\/05\/Kontzertua-2018-39.jpg'><img loading=\"lazy\" decoding=\"async\" width=\"150\" height=\"150\" src=\"https:\/\/ermitaberriip.educacion.navarra.es\/web\/wp-content\/uploads\/2018\/05\/Kontzertua-2018-39-150x150.jpg\" class=\"attachment-thumbnail size-thumbnail\" alt=\"\" \/><\/a>\n\t\t\t<\/dt><\/dl><dl class='gallery-item'>\n\t\t\t<dt class='gallery-icon landscape'>\n\t\t\t\t<a href='https:\/\/ermitaberriip.educacion.navarra.es\/web\/wp-content\/uploads\/2018\/05\/Kontzertua-2018-40.jpg'><img loading=\"lazy\" decoding=\"async\" width=\"150\" height=\"150\" src=\"https:\/\/ermitaberriip.educacion.navarra.es\/web\/wp-content\/uploads\/2018\/05\/Kontzertua-2018-40-150x150.jpg\" class=\"attachment-thumbnail size-thumbnail\" alt=\"\" \/><\/a>\n\t\t\t<\/dt><\/dl><br style=\"clear: both\" \/><dl class='gallery-item'>\n\t\t\t<dt class='gallery-icon landscape'>\n\t\t\t\t<a href='https:\/\/ermitaberriip.educacion.navarra.es\/web\/wp-content\/uploads\/2018\/05\/Kontzertua-2018-41.jpg'><img loading=\"lazy\" decoding=\"async\" width=\"150\" height=\"150\" src=\"https:\/\/ermitaberriip.educacion.navarra.es\/web\/wp-content\/uploads\/2018\/05\/Kontzertua-2018-41-150x150.jpg\" class=\"attachment-thumbnail size-thumbnail\" alt=\"\" \/><\/a>\n\t\t\t<\/dt><\/dl><dl class='gallery-item'>\n\t\t\t<dt class='gallery-icon landscape'>\n\t\t\t\t<a href='https:\/\/ermitaberriip.educacion.navarra.es\/web\/wp-content\/uploads\/2018\/05\/Kontzertua-2018-42.jpg'><img loading=\"lazy\" decoding=\"async\" width=\"150\" height=\"150\" src=\"https:\/\/ermitaberriip.educacion.navarra.es\/web\/wp-content\/uploads\/2018\/05\/Kontzertua-2018-42-150x150.jpg\" class=\"attachment-thumbnail size-thumbnail\" alt=\"\" \/><\/a>\n\t\t\t<\/dt><\/dl><dl class='gallery-item'>\n\t\t\t<dt class='gallery-icon landscape'>\n\t\t\t\t<a href='https:\/\/ermitaberriip.educacion.navarra.es\/web\/wp-content\/uploads\/2018\/05\/Kontzertua-2018-43.jpg'><img loading=\"lazy\" decoding=\"async\" width=\"150\" height=\"150\" src=\"https:\/\/ermitaberriip.educacion.navarra.es\/web\/wp-content\/uploads\/2018\/05\/Kontzertua-2018-43-150x150.jpg\" class=\"attachment-thumbnail size-thumbnail\" alt=\"\" \/><\/a>\n\t\t\t<\/dt><\/dl><dl class='gallery-item'>\n\t\t\t<dt class='gallery-icon landscape'>\n\t\t\t\t<a href='https:\/\/ermitaberriip.educacion.navarra.es\/web\/wp-content\/uploads\/2018\/05\/Kontzertua-2018-44.jpg'><img loading=\"lazy\" decoding=\"async\" width=\"150\" height=\"150\" src=\"https:\/\/ermitaberriip.educacion.navarra.es\/web\/wp-content\/uploads\/2018\/05\/Kontzertua-2018-44-150x150.jpg\" class=\"attachment-thumbnail size-thumbnail\" alt=\"\" \/><\/a>\n\t\t\t<\/dt><\/dl><br style=\"clear: both\" \/><dl class='gallery-item'>\n\t\t\t<dt class='gallery-icon landscape'>\n\t\t\t\t<a href='https:\/\/ermitaberriip.educacion.navarra.es\/web\/wp-content\/uploads\/2018\/05\/Kontzertua-2018-45.jpg'><img loading=\"lazy\" decoding=\"async\" width=\"150\" height=\"150\" src=\"https:\/\/ermitaberriip.educacion.navarra.es\/web\/wp-content\/uploads\/2018\/05\/Kontzertua-2018-45-150x150.jpg\" class=\"attachment-thumbnail size-thumbnail\" alt=\"\" \/><\/a>\n\t\t\t<\/dt><\/dl><dl class='gallery-item'>\n\t\t\t<dt class='gallery-icon landscape'>\n\t\t\t\t<a href='https:\/\/ermitaberriip.educacion.navarra.es\/web\/wp-content\/uploads\/2018\/05\/Kontzertua-2018-46.jpg'><img loading=\"lazy\" decoding=\"async\" width=\"150\" height=\"150\" src=\"https:\/\/ermitaberriip.educacion.navarra.es\/web\/wp-content\/uploads\/2018\/05\/Kontzertua-2018-46-150x150.jpg\" class=\"attachment-thumbnail size-thumbnail\" alt=\"\" \/><\/a>\n\t\t\t<\/dt><\/dl><dl class='gallery-item'>\n\t\t\t<dt class='gallery-icon landscape'>\n\t\t\t\t<a href='https:\/\/ermitaberriip.educacion.navarra.es\/web\/wp-content\/uploads\/2018\/05\/Kontzertua-2018-47.jpg'><img loading=\"lazy\" decoding=\"async\" width=\"150\" height=\"150\" src=\"https:\/\/ermitaberriip.educacion.navarra.es\/web\/wp-content\/uploads\/2018\/05\/Kontzertua-2018-47-150x150.jpg\" class=\"attachment-thumbnail size-thumbnail\" alt=\"\" \/><\/a>\n\t\t\t<\/dt><\/dl><dl class='gallery-item'>\n\t\t\t<dt class='gallery-icon landscape'>\n\t\t\t\t<a href='https:\/\/ermitaberriip.educacion.navarra.es\/web\/wp-content\/uploads\/2018\/05\/Kontzertua-2018-48.jpg'><img loading=\"lazy\" decoding=\"async\" width=\"150\" height=\"150\" src=\"https:\/\/ermitaberriip.educacion.navarra.es\/web\/wp-content\/uploads\/2018\/05\/Kontzertua-2018-48-150x150.jpg\" class=\"attachment-thumbnail size-thumbnail\" alt=\"\" \/><\/a>\n\t\t\t<\/dt><\/dl><br style=\"clear: both\" \/><dl class='gallery-item'>\n\t\t\t<dt class='gallery-icon landscape'>\n\t\t\t\t<a href='https:\/\/ermitaberriip.educacion.navarra.es\/web\/wp-content\/uploads\/2018\/05\/Kontzertua-2018-49.jpg'><img loading=\"lazy\" decoding=\"async\" width=\"150\" height=\"150\" src=\"https:\/\/ermitaberriip.educacion.navarra.es\/web\/wp-content\/uploads\/2018\/05\/Kontzertua-2018-49-150x150.jpg\" class=\"attachment-thumbnail size-thumbnail\" alt=\"\" \/><\/a>\n\t\t\t<\/dt><\/dl><dl class='gallery-item'>\n\t\t\t<dt class='gallery-icon landscape'>\n\t\t\t\t<a href='https:\/\/ermitaberriip.educacion.navarra.es\/web\/wp-content\/uploads\/2018\/05\/Kontzertua-2018-50.jpg'><img loading=\"lazy\" decoding=\"async\" width=\"150\" height=\"150\" src=\"https:\/\/ermitaberriip.educacion.navarra.es\/web\/wp-content\/uploads\/2018\/05\/Kontzertua-2018-50-150x150.jpg\" class=\"attachment-thumbnail size-thumbnail\" alt=\"\" \/><\/a>\n\t\t\t<\/dt><\/dl><dl class='gallery-item'>\n\t\t\t<dt class='gallery-icon landscape'>\n\t\t\t\t<a href='https:\/\/ermitaberriip.educacion.navarra.es\/web\/wp-content\/uploads\/2018\/05\/Kontzertua-2018-51.jpg'><img loading=\"lazy\" decoding=\"async\" width=\"150\" height=\"150\" src=\"https:\/\/ermitaberriip.educacion.navarra.es\/web\/wp-content\/uploads\/2018\/05\/Kontzertua-2018-51-150x150.jpg\" class=\"attachment-thumbnail size-thumbnail\" alt=\"\" \/><\/a>\n\t\t\t<\/dt><\/dl><dl class='gallery-item'>\n\t\t\t<dt class='gallery-icon landscape'>\n\t\t\t\t<a href='https:\/\/ermitaberriip.educacion.navarra.es\/web\/wp-content\/uploads\/2018\/05\/Kontzertua-2018-52.jpg'><img loading=\"lazy\" decoding=\"async\" width=\"150\" height=\"150\" src=\"https:\/\/ermitaberriip.educacion.navarra.es\/web\/wp-content\/uploads\/2018\/05\/Kontzertua-2018-52-150x150.jpg\" class=\"attachment-thumbnail size-thumbnail\" alt=\"\" \/><\/a>\n\t\t\t<\/dt><\/dl><br style=\"clear: both\" \/><dl class='gallery-item'>\n\t\t\t<dt class='gallery-icon landscape'>\n\t\t\t\t<a href='https:\/\/ermitaberriip.educacion.navarra.es\/web\/wp-content\/uploads\/2018\/05\/Kontzertua-2018-53.jpg'><img loading=\"lazy\" decoding=\"async\" width=\"150\" height=\"150\" src=\"https:\/\/ermitaberriip.educacion.navarra.es\/web\/wp-content\/uploads\/2018\/05\/Kontzertua-2018-53-150x150.jpg\" class=\"attachment-thumbnail size-thumbnail\" alt=\"\" \/><\/a>\n\t\t\t<\/dt><\/dl><dl class='gallery-item'>\n\t\t\t<dt class='gallery-icon landscape'>\n\t\t\t\t<a href='https:\/\/ermitaberriip.educacion.navarra.es\/web\/wp-content\/uploads\/2018\/05\/Kontzertua-2018-54.jpg'><img loading=\"lazy\" decoding=\"async\" width=\"150\" height=\"150\" src=\"https:\/\/ermitaberriip.educacion.navarra.es\/web\/wp-content\/uploads\/2018\/05\/Kontzertua-2018-54-150x150.jpg\" class=\"attachment-thumbnail size-thumbnail\" alt=\"\" \/><\/a>\n\t\t\t<\/dt><\/dl><dl class='gallery-item'>\n\t\t\t<dt class='gallery-icon landscape'>\n\t\t\t\t<a href='https:\/\/ermitaberriip.educacion.navarra.es\/web\/wp-content\/uploads\/2018\/05\/Kontzertua-2018-55.jpg'><img loading=\"lazy\" decoding=\"async\" width=\"150\" height=\"150\" src=\"https:\/\/ermitaberriip.educacion.navarra.es\/web\/wp-content\/uploads\/2018\/05\/Kontzertua-2018-55-150x150.jpg\" class=\"attachment-thumbnail size-thumbnail\" alt=\"\" \/><\/a>\n\t\t\t<\/dt><\/dl><dl class='gallery-item'>\n\t\t\t<dt class='gallery-icon landscape'>\n\t\t\t\t<a href='https:\/\/ermitaberriip.educacion.navarra.es\/web\/wp-content\/uploads\/2018\/05\/Kontzertua-2018-56.jpg'><img loading=\"lazy\" decoding=\"async\" width=\"150\" height=\"150\" src=\"https:\/\/ermitaberriip.educacion.navarra.es\/web\/wp-content\/uploads\/2018\/05\/Kontzertua-2018-56-150x150.jpg\" class=\"attachment-thumbnail size-thumbnail\" alt=\"\" \/><\/a>\n\t\t\t<\/dt><\/dl><br style=\"clear: both\" \/>\n\t\t<\/div>\n\n","protected":false},"excerpt":{"rendered":"<p>Queremos recordar mediante estas im\u00e1genes muchos de los momentos que vivimos en esta cuarta edici\u00f3n del Concierto de Ermitaberri, aunque somos conscientes de la dificultad de resumir un concierto de este calibre.<\/p>\n<p>Emoci\u00f3n, nervios, ilusi\u00f3n, alegr\u00eda&#8230; es la m\u00fasica la que une todos estos sentimientos sobre el escenario.<\/p>\n","protected":false},"author":1,"featured_media":5332,"comment_status":"open","ping_status":"open","sticky":false,"template":"","format":"standard","meta":{"_editorskit_title_hidden":false,"_editorskit_reading_time":0,"_editorskit_is_block_options_detached":false,"_editorskit_block_options_position":"{}","_genesis_hide_title":false,"_genesis_hide_breadcrumbs":false,"_genesis_hide_singular_image":false,"_genesis_hide_footer_widgets":false,"_genesis_custom_body_class":"","_genesis_custom_post_class":"","_genesis_layout":"","footnotes":""},"categories":[34,1],"tags":[69],"_links":{"self":[{"href":"https:\/\/ermitaberriip.educacion.navarra.es\/web\/es\/wp-json\/wp\/v2\/posts\/5340"}],"collection":[{"href":"https:\/\/ermitaberriip.educacion.navarra.es\/web\/es\/wp-json\/wp\/v2\/posts"}],"about":[{"href":"https:\/\/ermitaberriip.educacion.navarra.es\/web\/es\/wp-json\/wp\/v2\/types\/post"}],"author":[{"embeddable":true,"href":"https:\/\/ermitaberriip.educacion.navarra.es\/web\/es\/wp-json\/wp\/v2\/users\/1"}],"replies":[{"embeddable":true,"href":"https:\/\/ermitaberriip.educacion.navarra.es\/web\/es\/wp-json\/wp\/v2\/comments?post=5340"}],"version-history":[{"count":7,"href":"https:\/\/ermitaberriip.educacion.navarra.es\/web\/es\/wp-json\/wp\/v2\/posts\/5340\/revisions"}],"predecessor-version":[{"id":5570,"href":"https:\/\/ermitaberriip.educacion.navarra.es\/web\/es\/wp-json\/wp\/v2\/posts\/5340\/revisions\/5570"}],"wp:featuredmedia":[{"embeddable":true,"href":"https:\/\/ermitaberriip.educacion.navarra.es\/web\/es\/wp-json\/wp\/v2\/media\/5332"}],"wp:attachment":[{"href":"https:\/\/ermitaberriip.educacion.navarra.es\/web\/es\/wp-json\/wp\/v2\/media?parent=5340"}],"wp:term":[{"taxonomy":"category","embeddable":true,"href":"https:\/\/ermitaberriip.educacion.navarra.es\/web\/es\/wp-json\/wp\/v2\/categories?post=5340"},{"taxonomy":"post_tag","embeddable":true,"href":"https:\/\/ermitaberriip.educacion.navarra.es\/web\/es\/wp-json\/wp\/v2\/tags?post=5340"}],"curies":[{"name":"wp","href":"https:\/\/api.w.org\/{rel}","templated":true}]}}